{"id":4584,"date":"2026-03-12T06:57:56","date_gmt":"2026-03-12T12:57:56","guid":{"rendered":"https:\/\/girasolmultimedios.com\/portal\/?p=4584"},"modified":"2026-03-12T06:57:58","modified_gmt":"2026-03-12T12:57:58","slug":"nuevo-presidente-afirma-que-la-situacion-de-chile-es-mas-compleja-de-lo-esperado","status":"publish","type":"post","link":"https:\/\/girasolmultimedios.com\/portal\/nuevo-presidente-afirma-que-la-situacion-de-chile-es-mas-compleja-de-lo-esperado\/","title":{"rendered":"Nuevo presidente afirma que la situaci\u00f3n de Chile es m\u00e1s compleja de lo esperado"},"content":{"rendered":"\n<p>El reci\u00e9n investido presidente de Chile, Jos\u00e9 Antonio Kast, afirm\u00f3 que al asumir el poder encontr\u00f3 un pa\u00eds con problemas m\u00e1s graves de los que hab\u00eda previsto. El mandatario ofreci\u00f3 su primer mensaje a la ciudadan\u00eda desde el balc\u00f3n del Palacio de La Moneda, sede del gobierno chileno.<\/p>\n\n\n\n<p>Durante su intervenci\u00f3n, el gobernante se\u00f1al\u00f3 que la naci\u00f3n enfrenta importantes dificultades econ\u00f3micas y sociales. Entre ellas mencion\u00f3 el debilitamiento de las finanzas p\u00fablicas, el aumento del crimen organizado y el narcotr\u00e1fico, adem\u00e1s de una creciente sensaci\u00f3n de abandono que, seg\u00fan dijo, experimentan muchas familias.<\/p>\n\n\n\n<p>Acompa\u00f1ado por la primera dama, P\u00eda Adriasola, el mandatario explic\u00f3 que ha ordenado a todos los ministros realizar auditor\u00edas en las distintas instituciones del Estado para revisar el funcionamiento de cada ministerio y detectar posibles irregularidades administrativas.<\/p>\n\n\n\n<p>El jefe de Estado tambi\u00e9n sostuvo que el pa\u00eds necesita liderazgo firme para enfrentar los desaf\u00edos actuales. En ese sentido, insisti\u00f3 en que su gobierno adoptar\u00e1 medidas contundentes para responder a la situaci\u00f3n que atraviesa la naci\u00f3n.<\/p>\n\n\n\n<p>Jos\u00e9 Antonio Kast ha planteado la creaci\u00f3n de un \u201cgobierno de emergencia\u201d enfocado principalmente en fortalecer la seguridad p\u00fablica y mejorar la econom\u00eda, dos temas que, seg\u00fan indic\u00f3, figuran entre las principales preocupaciones de la poblaci\u00f3n.<\/p>\n\n\n\n<p>Sin embargo, el presidente subray\u00f3 que la recuperaci\u00f3n del pa\u00eds no depender\u00e1 \u00fanicamente de las acciones del Ejecutivo, sino tambi\u00e9n del compromiso de la ciudadan\u00eda. En su mensaje pidi\u00f3 a los chilenos trabajar de manera conjunta para aprovechar esta nueva etapa pol\u00edtica.<\/p>\n\n\n\n<p>Kast, de 60 a\u00f1os, asumi\u00f3 la presidencia tras suceder al exmandatario Gabriel Boric. La ceremonia oficial de investidura se llev\u00f3 a cabo en el Congreso Nacional ubicado en Valpara\u00edso, evento al que asistieron legisladores de diferentes partidos pol\u00edticos y varios l\u00edderes internacionales.<\/p>\n\n\n\n<p>Entre los invitados destacaron el rey de Espa\u00f1a, Felipe VI de Espa\u00f1a, y el presidente de Argentina, Javier Milei, junto a otros representantes de gobiernos extranjeros.<\/p>\n\n\n\n<p>Antes de dirigirse a la poblaci\u00f3n desde la capital, el nuevo mandatario firm\u00f3 una serie de decretos relacionados con \u00e1reas prioritarias como seguridad, econom\u00eda, infraestructura y defensa, medidas con las que busca iniciar la implementaci\u00f3n de su plan de gobierno.<\/p>\n","protected":false},"excerpt":{"rendered":"<p>El reci\u00e9n investido presidente de Chile, Jos\u00e9 Antonio Kast, afirm\u00f3 que al asumir el poder encontr\u00f3 un pa\u00eds con problemas m\u00e1s graves de los que hab\u00eda previsto. El mandatario ofreci\u00f3 su primer mensaje a la ciudadan\u00eda desde el balc\u00f3n del Palacio de La Moneda, sede del gobierno chileno. Durante su intervenci\u00f3n, el gobernante se\u00f1al\u00f3 que [&hellip;]<\/p>\n","protected":false},"author":2,"featured_media":4585,"comment_status":"closed","ping_status":"open","sticky":false,"template":"","format":"standard","meta":{"_seopress_robots_primary_cat":"","_seopress_titles_title":"","_seopress_titles_desc":"","_seopress_robots_index":"","footnotes":""},"categories":[1],"tags":[],"class_list":["post-4584","post","type-post","status-publish","format-standard","has-post-thumbnail","hentry","category-sin-categoria"],"_links":{"self":[{"href":"https:\/\/girasolmultimedios.com\/portal\/wp-json\/wp\/v2\/posts\/4584","targetHints":{"allow":["GET"]}}],"collection":[{"href":"https:\/\/girasolmultimedios.com\/portal\/wp-json\/wp\/v2\/posts"}],"about":[{"href":"https:\/\/girasolmultimedios.com\/portal\/wp-json\/wp\/v2\/types\/post"}],"author":[{"embeddable":true,"href":"https:\/\/girasolmultimedios.com\/portal\/wp-json\/wp\/v2\/users\/2"}],"replies":[{"embeddable":true,"href":"https:\/\/girasolmultimedios.com\/portal\/wp-json\/wp\/v2\/comments?post=4584"}],"version-history":[{"count":1,"href":"https:\/\/girasolmultimedios.com\/portal\/wp-json\/wp\/v2\/posts\/4584\/revisions"}],"predecessor-version":[{"id":4586,"href":"https:\/\/girasolmultimedios.com\/portal\/wp-json\/wp\/v2\/posts\/4584\/revisions\/4586"}],"wp:featuredmedia":[{"embeddable":true,"href":"https:\/\/girasolmultimedios.com\/portal\/wp-json\/wp\/v2\/media\/4585"}],"wp:attachment":[{"href":"https:\/\/girasolmultimedios.com\/portal\/wp-json\/wp\/v2\/media?parent=4584"}],"wp:term":[{"taxonomy":"category","embeddable":true,"href":"https:\/\/girasolmultimedios.com\/portal\/wp-json\/wp\/v2\/categories?post=4584"},{"taxonomy":"post_tag","embeddable":true,"href":"https:\/\/girasolmultimedios.com\/portal\/wp-json\/wp\/v2\/tags?post=4584"}],"curies":[{"name":"wp","href":"https:\/\/api.w.org\/{rel}","templated":true}]}}