{"id":4597,"date":"2026-03-13T06:49:21","date_gmt":"2026-03-13T12:49:21","guid":{"rendered":"https:\/\/girasolmultimedios.com\/portal\/?p=4597"},"modified":"2026-03-13T06:49:22","modified_gmt":"2026-03-13T12:49:22","slug":"incendio-forestal-provocado-amenaza-zonas-boscosas-cercanas-a-la-tigra","status":"publish","type":"post","link":"https:\/\/girasolmultimedios.com\/portal\/incendio-forestal-provocado-amenaza-zonas-boscosas-cercanas-a-la-tigra\/","title":{"rendered":"Incendio forestal provocado amenaza zonas boscosas cercanas a La Tigra"},"content":{"rendered":"\n<p>Un incendio forestal de grandes proporciones se registr\u00f3 en una zona cercana a la residencia del embajador de Jap\u00f3n, en Tegucigalpa, provocando serios da\u00f1os en una importante \u00e1rea boscosa considerada uno de los principales pulmones verdes de la capital.<\/p>\n\n\n\n<p>Elementos del Cuerpo de Bomberos de la estaci\u00f3n de El Hatillo, junto con otras unidades de apoyo, acudieron al lugar para trabajar intensamente en el control de las llamas y evitar que el fuego contin\u00fae propag\u00e1ndose hacia otras zonas cercanas.<\/p>\n\n\n\n<p>De acuerdo con las autoridades y los socorristas que participan en las labores, el siniestro habr\u00eda sido provocado de manera intencional, lo que ha generado preocupaci\u00f3n por el impacto ambiental y el peligro de que el incendio alcance \u00e1reas protegidas del Parque Nacional La Tigra.<\/p>\n\n\n\n<p>El bombero Carlos Ram\u00edrez explic\u00f3 que durante las inspecciones realizadas en el lugar encontraron indicios que apuntan a que el fuego fue iniciado deliberadamente. Seg\u00fan relat\u00f3, en una zona utilizada para motocross se detect\u00f3 un primer foco que fue sofocado r\u00e1pidamente; sin embargo, horas despu\u00e9s se descubri\u00f3 que en un \u00e1rea m\u00e1s alta hab\u00edan rociado combustible y prendido fuego nuevamente.<\/p>\n\n\n\n<p>Hasta el momento, el incendio ha afectado aproximadamente 328 hect\u00e1reas de bosque, poniendo en peligro la flora y la fauna que habitan en este ecosistema, el cual cumple un papel fundamental en la producci\u00f3n de ox\u00edgeno y en el equilibrio ambiental de Tegucigalpa.<\/p>\n\n\n\n<p>La preocupaci\u00f3n tambi\u00e9n surge porque, tras incendios ocurridos anteriormente, las autoridades hab\u00edan establecido una veda de construcci\u00f3n por un per\u00edodo de 50 a\u00f1os en las zonas da\u00f1adas, con el prop\u00f3sito de impedir el desarrollo urbano y garantizar la recuperaci\u00f3n natural del bosque.<\/p>\n\n\n\n<p>Actualmente, los bomberos contin\u00faan desplegados en el sector ubicado a un costado de la carretera que conduce hacia el cementerio, cerca de la residencia diplom\u00e1tica, desde donde coordinan las acciones para frenar el avance del fuego, que se intensifica debido a la sequ\u00eda y a la gran cantidad de material seco acumulado en el \u00e1rea forestal.<\/p>\n","protected":false},"excerpt":{"rendered":"<p>Un incendio forestal de grandes proporciones se registr\u00f3 en una zona cercana a la residencia del embajador de Jap\u00f3n, en Tegucigalpa, provocando serios da\u00f1os en una importante \u00e1rea boscosa considerada uno de los principales pulmones verdes de la capital. Elementos del Cuerpo de Bomberos de la estaci\u00f3n de El Hatillo, junto con otras unidades de [&hellip;]<\/p>\n","protected":false},"author":2,"featured_media":4598,"comment_status":"closed","ping_status":"open","sticky":false,"template":"","format":"standard","meta":{"_seopress_robots_primary_cat":"","_seopress_titles_title":"","_seopress_titles_desc":"","_seopress_robots_index":"","footnotes":""},"categories":[1],"tags":[],"class_list":["post-4597","post","type-post","status-publish","format-standard","has-post-thumbnail","hentry","category-sin-categoria"],"_links":{"self":[{"href":"https:\/\/girasolmultimedios.com\/portal\/wp-json\/wp\/v2\/posts\/4597","targetHints":{"allow":["GET"]}}],"collection":[{"href":"https:\/\/girasolmultimedios.com\/portal\/wp-json\/wp\/v2\/posts"}],"about":[{"href":"https:\/\/girasolmultimedios.com\/portal\/wp-json\/wp\/v2\/types\/post"}],"author":[{"embeddable":true,"href":"https:\/\/girasolmultimedios.com\/portal\/wp-json\/wp\/v2\/users\/2"}],"replies":[{"embeddable":true,"href":"https:\/\/girasolmultimedios.com\/portal\/wp-json\/wp\/v2\/comments?post=4597"}],"version-history":[{"count":1,"href":"https:\/\/girasolmultimedios.com\/portal\/wp-json\/wp\/v2\/posts\/4597\/revisions"}],"predecessor-version":[{"id":4599,"href":"https:\/\/girasolmultimedios.com\/portal\/wp-json\/wp\/v2\/posts\/4597\/revisions\/4599"}],"wp:featuredmedia":[{"embeddable":true,"href":"https:\/\/girasolmultimedios.com\/portal\/wp-json\/wp\/v2\/media\/4598"}],"wp:attachment":[{"href":"https:\/\/girasolmultimedios.com\/portal\/wp-json\/wp\/v2\/media?parent=4597"}],"wp:term":[{"taxonomy":"category","embeddable":true,"href":"https:\/\/girasolmultimedios.com\/portal\/wp-json\/wp\/v2\/categories?post=4597"},{"taxonomy":"post_tag","embeddable":true,"href":"https:\/\/girasolmultimedios.com\/portal\/wp-json\/wp\/v2\/tags?post=4597"}],"curies":[{"name":"wp","href":"https:\/\/api.w.org\/{rel}","templated":true}]}}