{"id":4603,"date":"2026-03-13T06:54:15","date_gmt":"2026-03-13T12:54:15","guid":{"rendered":"https:\/\/girasolmultimedios.com\/portal\/?p=4603"},"modified":"2026-03-13T06:54:17","modified_gmt":"2026-03-13T12:54:17","slug":"ley-seca-en-guanaja-por-nueva-jornada-electoral-municipal","status":"publish","type":"post","link":"https:\/\/girasolmultimedios.com\/portal\/ley-seca-en-guanaja-por-nueva-jornada-electoral-municipal\/","title":{"rendered":"Ley seca en Guanaja por nueva jornada electoral municipal"},"content":{"rendered":"\n<p>El <strong>Consejo Nacional Electoral<\/strong> anunci\u00f3 la implementaci\u00f3n de Ley Seca en el municipio de <strong>Guanaja<\/strong>, como medida preventiva ante la repetici\u00f3n de las elecciones municipales programadas para este domingo 15 de marzo.<\/p>\n\n\n\n<p>La decisi\u00f3n se tom\u00f3 luego de que en los comicios anteriores se registrara un empate exacto entre los aspirantes a la alcald\u00eda, <strong>Sheray Borden<\/strong> y <strong>Dion Kelly<\/strong>, quienes obtuvieron 1,404 votos cada uno.<\/p>\n\n\n\n<p>Debido a este resultado, las autoridades electorales determinaron convocar nuevamente a los ciudadanos a las urnas para definir qui\u00e9n asumir\u00e1 la administraci\u00f3n municipal.<\/p>\n\n\n\n<p>Como parte de las medidas para mantener el orden durante el proceso electoral, la prohibici\u00f3n de venta y consumo de bebidas alcoh\u00f3licas entrar\u00e1 en vigor a partir de las 6:00 de la ma\u00f1ana del s\u00e1bado 14 de marzo y permanecer\u00e1 hasta las 6:00 de la tarde del lunes 16 de marzo.<\/p>\n\n\n\n<p>El organismo electoral tambi\u00e9n record\u00f3 que quienes incumplan esta disposici\u00f3n podr\u00edan enfrentar sanciones econ\u00f3micas que oscilan entre cuatro y diez salarios m\u00ednimos.<\/p>\n\n\n\n<p>Finalmente, el CNE hizo un llamado a la poblaci\u00f3n a respetar las normas establecidas y a acudir a votar de forma c\u00edvica y responsable, con el fin de garantizar que la jornada electoral se desarrolle con transparencia y tranquilidad. <\/p>\n","protected":false},"excerpt":{"rendered":"<p>El Consejo Nacional Electoral anunci\u00f3 la implementaci\u00f3n de Ley Seca en el municipio de Guanaja, como medida preventiva ante la repetici\u00f3n de las elecciones municipales programadas para este domingo 15 de marzo. La decisi\u00f3n se tom\u00f3 luego de que en los comicios anteriores se registrara un empate exacto entre los aspirantes a la alcald\u00eda, Sheray [&hellip;]<\/p>\n","protected":false},"author":2,"featured_media":4604,"comment_status":"closed","ping_status":"open","sticky":false,"template":"","format":"standard","meta":{"_seopress_robots_primary_cat":"","_seopress_titles_title":"","_seopress_titles_desc":"","_seopress_robots_index":"","footnotes":""},"categories":[1],"tags":[],"class_list":["post-4603","post","type-post","status-publish","format-standard","has-post-thumbnail","hentry","category-sin-categoria"],"_links":{"self":[{"href":"https:\/\/girasolmultimedios.com\/portal\/wp-json\/wp\/v2\/posts\/4603","targetHints":{"allow":["GET"]}}],"collection":[{"href":"https:\/\/girasolmultimedios.com\/portal\/wp-json\/wp\/v2\/posts"}],"about":[{"href":"https:\/\/girasolmultimedios.com\/portal\/wp-json\/wp\/v2\/types\/post"}],"author":[{"embeddable":true,"href":"https:\/\/girasolmultimedios.com\/portal\/wp-json\/wp\/v2\/users\/2"}],"replies":[{"embeddable":true,"href":"https:\/\/girasolmultimedios.com\/portal\/wp-json\/wp\/v2\/comments?post=4603"}],"version-history":[{"count":1,"href":"https:\/\/girasolmultimedios.com\/portal\/wp-json\/wp\/v2\/posts\/4603\/revisions"}],"predecessor-version":[{"id":4605,"href":"https:\/\/girasolmultimedios.com\/portal\/wp-json\/wp\/v2\/posts\/4603\/revisions\/4605"}],"wp:featuredmedia":[{"embeddable":true,"href":"https:\/\/girasolmultimedios.com\/portal\/wp-json\/wp\/v2\/media\/4604"}],"wp:attachment":[{"href":"https:\/\/girasolmultimedios.com\/portal\/wp-json\/wp\/v2\/media?parent=4603"}],"wp:term":[{"taxonomy":"category","embeddable":true,"href":"https:\/\/girasolmultimedios.com\/portal\/wp-json\/wp\/v2\/categories?post=4603"},{"taxonomy":"post_tag","embeddable":true,"href":"https:\/\/girasolmultimedios.com\/portal\/wp-json\/wp\/v2\/tags?post=4603"}],"curies":[{"name":"wp","href":"https:\/\/api.w.org\/{rel}","templated":true}]}}