{"id":4606,"date":"2026-03-13T06:57:28","date_gmt":"2026-03-13T12:57:28","guid":{"rendered":"https:\/\/girasolmultimedios.com\/portal\/?p=4606"},"modified":"2026-03-13T06:57:30","modified_gmt":"2026-03-13T12:57:30","slug":"pastor-gerardo-irias-continuara-al-frente-de-la-confraternidad-evangelica-de-honduras","status":"publish","type":"post","link":"https:\/\/girasolmultimedios.com\/portal\/pastor-gerardo-irias-continuara-al-frente-de-la-confraternidad-evangelica-de-honduras\/","title":{"rendered":"Pastor Gerardo Ir\u00edas continuar\u00e1 al frente de la Confraternidad Evang\u00e9lica de Honduras"},"content":{"rendered":"\n<p>Durante la Asamblea General de la <strong>Confraternidad Evang\u00e9lica de Honduras<\/strong>, realizada en el <strong>Distrito Central<\/strong>, el pastor <strong>Gerardo Ir\u00edas<\/strong> fue ratificado como presidente de esta organizaci\u00f3n, que agrupa a numerosas iglesias y entidades cristianas en el pa\u00eds.<\/p>\n\n\n\n<p>El encuentro se llev\u00f3 a cabo en un hotel de la capital, donde representantes de diferentes congregaciones evang\u00e9licas y organizaciones cristianas evaluaron diversos temas institucionales antes de proceder con la elecci\u00f3n de su nueva directiva. Como resultado del proceso, Ir\u00edas fue nuevamente elegido para dirigir la instituci\u00f3n durante un per\u00edodo adicional de dos a\u00f1os.<\/p>\n\n\n\n<p>En la misma asamblea tambi\u00e9n se definieron otros cargos dentro de la junta directiva. <strong>Ana Belinda Colindres<\/strong> asumir\u00e1 la tesorer\u00eda; <strong>Mar\u00eda Antonia Fern\u00e1ndez de Suazo<\/strong> ocupar\u00e1 el cargo de fiscal; mientras que <strong>Marco Fuentes<\/strong> y <strong>Herman Fonseca<\/strong> fueron designados como vocales.<\/p>\n\n\n\n<p>La <strong>Confraternidad Evang\u00e9lica de Honduras<\/strong>, fundada en 1987, re\u00fane a m\u00e1s de 400 iglesias y organizaciones evang\u00e9licas en todo el pa\u00eds. Entre sus objetivos se encuentra fomentar la unidad entre las comunidades de fe, impulsar proyectos sociales y representar a sus miembros ante las autoridades nacionales.<\/p>\n\n\n\n<p>En los \u00faltimos a\u00f1os, la organizaci\u00f3n tambi\u00e9n ha tenido participaci\u00f3n en temas de inter\u00e9s nacional. Un ejemplo de ello fue la realizaci\u00f3n de la Caminata de Oraci\u00f3n por Honduras, iniciativa desarrollada junto con la <strong>Iglesia Cat\u00f3lica<\/strong>, con la finalidad de promover la paz, la unidad y la convivencia en el pa\u00eds durante el proceso electoral de 2025. \ud83d\ude4f\ud83c\udded\ud83c\uddf3<\/p>\n","protected":false},"excerpt":{"rendered":"<p>Durante la Asamblea General de la Confraternidad Evang\u00e9lica de Honduras, realizada en el Distrito Central, el pastor Gerardo Ir\u00edas fue ratificado como presidente de esta organizaci\u00f3n, que agrupa a numerosas iglesias y entidades cristianas en el pa\u00eds. El encuentro se llev\u00f3 a cabo en un hotel de la capital, donde representantes de diferentes congregaciones evang\u00e9licas [&hellip;]<\/p>\n","protected":false},"author":2,"featured_media":4607,"comment_status":"closed","ping_status":"open","sticky":false,"template":"","format":"standard","meta":{"_seopress_robots_primary_cat":"","_seopress_titles_title":"","_seopress_titles_desc":"","_seopress_robots_index":"","footnotes":""},"categories":[1],"tags":[],"class_list":["post-4606","post","type-post","status-publish","format-standard","has-post-thumbnail","hentry","category-sin-categoria"],"_links":{"self":[{"href":"https:\/\/girasolmultimedios.com\/portal\/wp-json\/wp\/v2\/posts\/4606","targetHints":{"allow":["GET"]}}],"collection":[{"href":"https:\/\/girasolmultimedios.com\/portal\/wp-json\/wp\/v2\/posts"}],"about":[{"href":"https:\/\/girasolmultimedios.com\/portal\/wp-json\/wp\/v2\/types\/post"}],"author":[{"embeddable":true,"href":"https:\/\/girasolmultimedios.com\/portal\/wp-json\/wp\/v2\/users\/2"}],"replies":[{"embeddable":true,"href":"https:\/\/girasolmultimedios.com\/portal\/wp-json\/wp\/v2\/comments?post=4606"}],"version-history":[{"count":1,"href":"https:\/\/girasolmultimedios.com\/portal\/wp-json\/wp\/v2\/posts\/4606\/revisions"}],"predecessor-version":[{"id":4608,"href":"https:\/\/girasolmultimedios.com\/portal\/wp-json\/wp\/v2\/posts\/4606\/revisions\/4608"}],"wp:featuredmedia":[{"embeddable":true,"href":"https:\/\/girasolmultimedios.com\/portal\/wp-json\/wp\/v2\/media\/4607"}],"wp:attachment":[{"href":"https:\/\/girasolmultimedios.com\/portal\/wp-json\/wp\/v2\/media?parent=4606"}],"wp:term":[{"taxonomy":"category","embeddable":true,"href":"https:\/\/girasolmultimedios.com\/portal\/wp-json\/wp\/v2\/categories?post=4606"},{"taxonomy":"post_tag","embeddable":true,"href":"https:\/\/girasolmultimedios.com\/portal\/wp-json\/wp\/v2\/tags?post=4606"}],"curies":[{"name":"wp","href":"https:\/\/api.w.org\/{rel}","templated":true}]}}