{"id":4609,"date":"2026-03-13T07:00:42","date_gmt":"2026-03-13T13:00:42","guid":{"rendered":"https:\/\/girasolmultimedios.com\/portal\/?p=4609"},"modified":"2026-03-13T07:00:44","modified_gmt":"2026-03-13T13:00:44","slug":"corte-suprema-define-tribunales-que-veran-apelaciones-en-casos-contra-exfuncionarios","status":"publish","type":"post","link":"https:\/\/girasolmultimedios.com\/portal\/corte-suprema-define-tribunales-que-veran-apelaciones-en-casos-contra-exfuncionarios\/","title":{"rendered":"Corte Suprema define tribunales que ver\u00e1n apelaciones en casos contra exfuncionarios"},"content":{"rendered":"\n<p>El pleno de magistrados de la <strong>Corte Suprema de Justicia de Honduras<\/strong> resolvi\u00f3 designar a las Cortes de Apelaciones que tendr\u00e1n a su cargo conocer los recursos legales que puedan presentarse en dos procesos judiciales relacionados con antiguos funcionarios del Estado.<\/p>\n\n\n\n<p>Uno de los expedientes est\u00e1 vinculado con una acusaci\u00f3n presentada contra exautoridades de la <strong>Secretar\u00eda de Desarrollo Social de Honduras<\/strong>. Para atender este caso, se nombr\u00f3 como tribunal de segunda instancia a los magistrados <strong>Walter Miranda Sabio<\/strong>, <strong>Wagner Vallecillo<\/strong> y <strong>Francisca Villela<\/strong>.<\/p>\n\n\n\n<p>Mientras tanto, en el proceso que investiga hechos que habr\u00edan afectado a la <strong>Municipalidad de San Pedro Sula<\/strong>, en el departamento de <strong>Cort\u00e9s<\/strong>, se design\u00f3 una Corte de Apelaciones conformada por las magistradas <strong>Isbela Bustillo<\/strong> y <strong>Rubenia Galeano<\/strong>, junto al magistrado <strong>Milton Jim\u00e9nez Puerto<\/strong>.<\/p>\n\n\n\n<p>Estos tribunales ser\u00e1n los encargados de revisar y resolver cualquier apelaci\u00f3n que presenten las partes involucradas en los procesos, ya sea la defensa, la acusaci\u00f3n particular o el <strong>Ministerio P\u00fablico de Honduras<\/strong>, frente a las resoluciones emitidas por los jueces de primera instancia.<\/p>\n\n\n\n<p>Con esta determinaci\u00f3n, el m\u00e1ximo \u00f3rgano judicial busca asegurar que ambos casos se tramiten con transparencia, respeto al debido proceso y conforme a lo establecido en la legislaci\u00f3n hondure\u00f1a.<\/p>\n","protected":false},"excerpt":{"rendered":"<p>El pleno de magistrados de la Corte Suprema de Justicia de Honduras resolvi\u00f3 designar a las Cortes de Apelaciones que tendr\u00e1n a su cargo conocer los recursos legales que puedan presentarse en dos procesos judiciales relacionados con antiguos funcionarios del Estado. Uno de los expedientes est\u00e1 vinculado con una acusaci\u00f3n presentada contra exautoridades de la [&hellip;]<\/p>\n","protected":false},"author":2,"featured_media":4610,"comment_status":"closed","ping_status":"open","sticky":false,"template":"","format":"standard","meta":{"_seopress_robots_primary_cat":"","_seopress_titles_title":"","_seopress_titles_desc":"","_seopress_robots_index":"","footnotes":""},"categories":[1],"tags":[],"class_list":["post-4609","post","type-post","status-publish","format-standard","has-post-thumbnail","hentry","category-sin-categoria"],"_links":{"self":[{"href":"https:\/\/girasolmultimedios.com\/portal\/wp-json\/wp\/v2\/posts\/4609","targetHints":{"allow":["GET"]}}],"collection":[{"href":"https:\/\/girasolmultimedios.com\/portal\/wp-json\/wp\/v2\/posts"}],"about":[{"href":"https:\/\/girasolmultimedios.com\/portal\/wp-json\/wp\/v2\/types\/post"}],"author":[{"embeddable":true,"href":"https:\/\/girasolmultimedios.com\/portal\/wp-json\/wp\/v2\/users\/2"}],"replies":[{"embeddable":true,"href":"https:\/\/girasolmultimedios.com\/portal\/wp-json\/wp\/v2\/comments?post=4609"}],"version-history":[{"count":1,"href":"https:\/\/girasolmultimedios.com\/portal\/wp-json\/wp\/v2\/posts\/4609\/revisions"}],"predecessor-version":[{"id":4611,"href":"https:\/\/girasolmultimedios.com\/portal\/wp-json\/wp\/v2\/posts\/4609\/revisions\/4611"}],"wp:featuredmedia":[{"embeddable":true,"href":"https:\/\/girasolmultimedios.com\/portal\/wp-json\/wp\/v2\/media\/4610"}],"wp:attachment":[{"href":"https:\/\/girasolmultimedios.com\/portal\/wp-json\/wp\/v2\/media?parent=4609"}],"wp:term":[{"taxonomy":"category","embeddable":true,"href":"https:\/\/girasolmultimedios.com\/portal\/wp-json\/wp\/v2\/categories?post=4609"},{"taxonomy":"post_tag","embeddable":true,"href":"https:\/\/girasolmultimedios.com\/portal\/wp-json\/wp\/v2\/tags?post=4609"}],"curies":[{"name":"wp","href":"https:\/\/api.w.org\/{rel}","templated":true}]}}