{"id":4612,"date":"2026-03-13T07:04:34","date_gmt":"2026-03-13T13:04:34","guid":{"rendered":"https:\/\/girasolmultimedios.com\/portal\/?p=4612"},"modified":"2026-03-13T07:04:36","modified_gmt":"2026-03-13T13:04:36","slug":"ingenieros-civiles-destacan-innovacion-tecnologica-en-encuentro-internacional","status":"publish","type":"post","link":"https:\/\/girasolmultimedios.com\/portal\/ingenieros-civiles-destacan-innovacion-tecnologica-en-encuentro-internacional\/","title":{"rendered":"Ingenieros civiles destacan innovaci\u00f3n tecnol\u00f3gica en encuentro internacional"},"content":{"rendered":"\n<p>El <strong>Colegio de Ingenieros Civiles de Honduras<\/strong> es anfitri\u00f3n de la XVII Asamblea del <strong>Consejo de las Asociaciones Profesionales de Ingenieros Civiles de los Pa\u00edses de Lengua Portuguesa y Castellana<\/strong>, un evento internacional que re\u00fane en <strong>Tegucigalpa<\/strong> a representantes de la ingenier\u00eda civil de distintos pa\u00edses de Iberoam\u00e9rica.<\/p>\n\n\n\n<p>La actividad se desarrolla del 11 al 13 de marzo y comenz\u00f3 con un acto de bienvenida en el que participaron diversas delegaciones extranjeras. En esta edici\u00f3n, el encuentro se centra en el tema \u201cNuevas tecnolog\u00edas e inteligencia artificial aplicadas a la ingenier\u00eda civil\u201d, destacando el papel de la transformaci\u00f3n digital en el desarrollo de infraestructura.<\/p>\n\n\n\n<p>Durante las jornadas de trabajo se analiza c\u00f3mo herramientas como la inteligencia artificial, el manejo de grandes vol\u00famenes de datos y las plataformas tecnol\u00f3gicas est\u00e1n influyendo en la planificaci\u00f3n, dise\u00f1o y ejecuci\u00f3n de proyectos de construcci\u00f3n.<\/p>\n\n\n\n<p>El evento tambi\u00e9n cont\u00f3 con la presencia de importantes autoridades, entre ellas el ministro de la <strong>Secretar\u00eda de Infraestructura y Transporte de Honduras<\/strong>, <strong>An\u00edbal Ehrler<\/strong>; el embajador de <strong>Espa\u00f1a<\/strong> en Honduras, <strong>Diego Nu\u00f1o<\/strong>; el alcalde capitalino <strong>Juan Diego Zelaya<\/strong>; y la presidenta de la junta directiva del CICH, <strong>Tania Yarlene Murillo Lanza<\/strong>.<\/p>\n\n\n\n<p>Para esta decimos\u00e9ptima edici\u00f3n, la asamblea re\u00fane delegaciones provenientes de pa\u00edses como <strong>Uruguay<\/strong>, <strong>Espa\u00f1a<\/strong>, <strong>Rep\u00fablica Dominicana<\/strong>, <strong>Per\u00fa<\/strong>, <strong>Colombia<\/strong>, <strong>Portugal<\/strong>, <strong>Argentina<\/strong> y <strong>M\u00e9xico<\/strong>, adem\u00e1s de representantes de <strong>Brasil<\/strong>, <strong>Guatemala<\/strong> y Honduras.<\/p>\n\n\n\n<p>Este espacio busca fortalecer la cooperaci\u00f3n entre profesionales del \u00e1rea, as\u00ed como intercambiar conocimientos sobre innovaci\u00f3n, sostenibilidad y modernizaci\u00f3n de la ingenier\u00eda civil en la regi\u00f3n.<\/p>\n","protected":false},"excerpt":{"rendered":"<p>El Colegio de Ingenieros Civiles de Honduras es anfitri\u00f3n de la XVII Asamblea del Consejo de las Asociaciones Profesionales de Ingenieros Civiles de los Pa\u00edses de Lengua Portuguesa y Castellana, un evento internacional que re\u00fane en Tegucigalpa a representantes de la ingenier\u00eda civil de distintos pa\u00edses de Iberoam\u00e9rica. La actividad se desarrolla del 11 al [&hellip;]<\/p>\n","protected":false},"author":2,"featured_media":4613,"comment_status":"closed","ping_status":"open","sticky":false,"template":"","format":"standard","meta":{"_seopress_robots_primary_cat":"","_seopress_titles_title":"","_seopress_titles_desc":"","_seopress_robots_index":"","footnotes":""},"categories":[1],"tags":[],"class_list":["post-4612","post","type-post","status-publish","format-standard","has-post-thumbnail","hentry","category-sin-categoria"],"_links":{"self":[{"href":"https:\/\/girasolmultimedios.com\/portal\/wp-json\/wp\/v2\/posts\/4612","targetHints":{"allow":["GET"]}}],"collection":[{"href":"https:\/\/girasolmultimedios.com\/portal\/wp-json\/wp\/v2\/posts"}],"about":[{"href":"https:\/\/girasolmultimedios.com\/portal\/wp-json\/wp\/v2\/types\/post"}],"author":[{"embeddable":true,"href":"https:\/\/girasolmultimedios.com\/portal\/wp-json\/wp\/v2\/users\/2"}],"replies":[{"embeddable":true,"href":"https:\/\/girasolmultimedios.com\/portal\/wp-json\/wp\/v2\/comments?post=4612"}],"version-history":[{"count":1,"href":"https:\/\/girasolmultimedios.com\/portal\/wp-json\/wp\/v2\/posts\/4612\/revisions"}],"predecessor-version":[{"id":4614,"href":"https:\/\/girasolmultimedios.com\/portal\/wp-json\/wp\/v2\/posts\/4612\/revisions\/4614"}],"wp:featuredmedia":[{"embeddable":true,"href":"https:\/\/girasolmultimedios.com\/portal\/wp-json\/wp\/v2\/media\/4613"}],"wp:attachment":[{"href":"https:\/\/girasolmultimedios.com\/portal\/wp-json\/wp\/v2\/media?parent=4612"}],"wp:term":[{"taxonomy":"category","embeddable":true,"href":"https:\/\/girasolmultimedios.com\/portal\/wp-json\/wp\/v2\/categories?post=4612"},{"taxonomy":"post_tag","embeddable":true,"href":"https:\/\/girasolmultimedios.com\/portal\/wp-json\/wp\/v2\/tags?post=4612"}],"curies":[{"name":"wp","href":"https:\/\/api.w.org\/{rel}","templated":true}]}}