{"id":4624,"date":"2026-03-13T07:56:53","date_gmt":"2026-03-13T13:56:53","guid":{"rendered":"https:\/\/girasolmultimedios.com\/portal\/?p=4624"},"modified":"2026-03-13T07:56:55","modified_gmt":"2026-03-13T13:56:55","slug":"honduras-supera-las-muertes-de-2025-por-tos-ferina-ya-suman-nueve-en-2026","status":"publish","type":"post","link":"https:\/\/girasolmultimedios.com\/portal\/honduras-supera-las-muertes-de-2025-por-tos-ferina-ya-suman-nueve-en-2026\/","title":{"rendered":"Honduras supera las muertes de 2025 por tos ferina: ya suman nueve en 2026"},"content":{"rendered":"\n<p>En lo que va del a\u00f1o, Honduras ha registrado nueve fallecimientos a causa de la tos ferina, tras confirmarse la muerte de un beb\u00e9 de tres meses proveniente del departamento de <strong>Olancho<\/strong>, seg\u00fan inform\u00f3 la <strong>Secretar\u00eda de Salud de Honduras<\/strong>. Este nuevo caso hace que las muertes por esta enfermedad superen las ocho registradas durante todo 2025.<\/p>\n\n\n\n<p>El jefe de vigilancia sanitaria, <strong>Homer Mej\u00eda<\/strong>, indic\u00f3 que la v\u00edctima no hab\u00eda recibido la primera dosis de la vacuna contra la tos ferina, y que su madre tampoco contaba con antecedentes de inmunizaci\u00f3n durante el embarazo. La mayor\u00eda de los fallecimientos se concentra en neonatos menores de 30 d\u00edas, quienes dependen de la inmunidad materna para estar protegidos.<\/p>\n\n\n\n<p>Mej\u00eda destac\u00f3 que la vacunaci\u00f3n es la principal medida preventiva, y record\u00f3 que la vacuna est\u00e1 disponible de manera gratuita en todos los centros de salud del pa\u00eds. Asimismo, hizo un llamado a las mujeres embarazadas para aplicarse la vacuna entre las semanas 26 y 37 de gestaci\u00f3n, recomendaci\u00f3n que actualmente no se cumple de forma generalizada.<\/p>\n\n\n\n<p>Para los menores de cinco a\u00f1os, el esquema de inmunizaci\u00f3n inicia a los dos meses de edad, con la primera dosis, seguida de otras a los cuatro y seis meses, y dos refuerzos: a los 18 meses y a los cuatro a\u00f1os.<\/p>\n\n\n\n<p>Seg\u00fan la <strong>Organizaci\u00f3n Panamericana de la Salud<\/strong>, la tos ferina es una enfermedad bacteriana altamente contagiosa que afecta el tracto respiratorio, causada por <strong>Bordetella pertussis<\/strong> o <strong>Bordetella parapertussis<\/strong>, presentes en la boca, nariz y garganta de personas infectadas. Este a\u00f1o, Honduras acumula alrededor de 80 casos confirmados de la enfermedad.<\/p>\n","protected":false},"excerpt":{"rendered":"<p>En lo que va del a\u00f1o, Honduras ha registrado nueve fallecimientos a causa de la tos ferina, tras confirmarse la muerte de un beb\u00e9 de tres meses proveniente del departamento de Olancho, seg\u00fan inform\u00f3 la Secretar\u00eda de Salud de Honduras. Este nuevo caso hace que las muertes por esta enfermedad superen las ocho registradas durante [&hellip;]<\/p>\n","protected":false},"author":2,"featured_media":4625,"comment_status":"closed","ping_status":"open","sticky":false,"template":"","format":"standard","meta":{"_seopress_robots_primary_cat":"","_seopress_titles_title":"","_seopress_titles_desc":"","_seopress_robots_index":"","footnotes":""},"categories":[1],"tags":[],"class_list":["post-4624","post","type-post","status-publish","format-standard","has-post-thumbnail","hentry","category-sin-categoria"],"_links":{"self":[{"href":"https:\/\/girasolmultimedios.com\/portal\/wp-json\/wp\/v2\/posts\/4624","targetHints":{"allow":["GET"]}}],"collection":[{"href":"https:\/\/girasolmultimedios.com\/portal\/wp-json\/wp\/v2\/posts"}],"about":[{"href":"https:\/\/girasolmultimedios.com\/portal\/wp-json\/wp\/v2\/types\/post"}],"author":[{"embeddable":true,"href":"https:\/\/girasolmultimedios.com\/portal\/wp-json\/wp\/v2\/users\/2"}],"replies":[{"embeddable":true,"href":"https:\/\/girasolmultimedios.com\/portal\/wp-json\/wp\/v2\/comments?post=4624"}],"version-history":[{"count":1,"href":"https:\/\/girasolmultimedios.com\/portal\/wp-json\/wp\/v2\/posts\/4624\/revisions"}],"predecessor-version":[{"id":4626,"href":"https:\/\/girasolmultimedios.com\/portal\/wp-json\/wp\/v2\/posts\/4624\/revisions\/4626"}],"wp:featuredmedia":[{"embeddable":true,"href":"https:\/\/girasolmultimedios.com\/portal\/wp-json\/wp\/v2\/media\/4625"}],"wp:attachment":[{"href":"https:\/\/girasolmultimedios.com\/portal\/wp-json\/wp\/v2\/media?parent=4624"}],"wp:term":[{"taxonomy":"category","embeddable":true,"href":"https:\/\/girasolmultimedios.com\/portal\/wp-json\/wp\/v2\/categories?post=4624"},{"taxonomy":"post_tag","embeddable":true,"href":"https:\/\/girasolmultimedios.com\/portal\/wp-json\/wp\/v2\/tags?post=4624"}],"curies":[{"name":"wp","href":"https:\/\/api.w.org\/{rel}","templated":true}]}}