{"id":4627,"date":"2026-03-14T12:33:17","date_gmt":"2026-03-14T18:33:17","guid":{"rendered":"https:\/\/girasolmultimedios.com\/portal\/?p=4627"},"modified":"2026-03-14T12:34:37","modified_gmt":"2026-03-14T18:34:37","slug":"iran-amenaza-con-atacar-empresas-de-ee-uu-si-se-golpea-su-infraestructura-energetica","status":"publish","type":"post","link":"https:\/\/girasolmultimedios.com\/portal\/iran-amenaza-con-atacar-empresas-de-ee-uu-si-se-golpea-su-infraestructura-energetica\/","title":{"rendered":"Ir\u00e1n amenaza con atacar empresas de EE.UU. si se golpea su infraestructura energ\u00e9tica"},"content":{"rendered":"\n<p>Ir\u00e1n amenaz\u00f3 este s\u00e1bado una vez m\u00e1s con atacar las instalaciones de las empresas estadounidenses en Oriente Medio en caso de que su infraestructura energ\u00e9tica sea atacada por Estados Unidos e Israel, despu\u00e9s del bombardeo contra la isla iran\u00ed de Jarg, coraz\u00f3n de la industria petrolera de la Rep\u00fablica Isl\u00e1mica.<\/p>\n\n\n\n<p>\u00abEn caso de que las instalaciones iran\u00edes sean atacadas, las fuerzas iran\u00edes atacar\u00e1n instalaciones de empresas estadounidenses en la regi\u00f3n o compa\u00f1\u00edas en las que Estados Unidos tenga participaci\u00f3n\u00bb, advirti\u00f3 el ministro de Exteriores iran\u00ed, Ab\u00e1s Araqch\u00ed, seg\u00fan inform\u00f3 la agencia Tasnim.<\/p>\n\n\n\n<p>El jefe de la\u00a0diplomacia iran\u00ed\u00a0afirm\u00f3 que su pa\u00eds responder\u00e1 \u00absin duda\u00bb a cualquier ataque contra sus instalaciones energ\u00e9ticas.<br>Sin embargo, dijo que Ir\u00e1n actuar\u00e1 \u00abcon cautela para evitar que zonas densamente pobladas sean alcanzadas\u00bb.<\/p>\n\n\n\n<blockquote class=\"wp-block-quote is-layout-flow wp-block-quote-is-layout-flow\">\n<p>La guerra contra Ir\u00e1n, en directo: Ir\u00e1n afirma haber lanzado nuevos ataques contra bases a\u00e9reas de EE.UU. en el Golfo<\/p>\n\n\n\n<p><\/p>\n<\/blockquote>\n\n\n\n<p>Esta ma\u00f1ana, las Fuerzas Armadas de Ir\u00e1n hab\u00edan advertido que, si se produce un ataque contra la infraestructura petrolera, econ\u00f3mica y energ\u00e9tica de la Rep\u00fablica Isl\u00e1mica, \u00abtoda la infraestructura petrolera, econ\u00f3mica y energ\u00e9tica perteneciente a las compa\u00f1\u00edas petroleras de la regi\u00f3n que tengan acciones estadounidenses o cooperen con Estados Unidos ser\u00e1 destruida\u00bb.<\/p>\n\n\n\n<p>Estas advertencias llegaron despu\u00e9s de que Estados Unidos atacara anoche objetivos militares en la isla de Jarg, donde se almacena el 90 % del petr\u00f3leo que Ir\u00e1n exporta al mundo.<\/p>\n\n\n\n<blockquote class=\"wp-block-quote is-layout-flow wp-block-quote-is-layout-flow\">\n<p>Trump afirma que Ir\u00e1n est\u00e1 \u00abtotalmente derrotado\u00bb y que \u00abquiere un acuerdo\u00bb<\/p>\n<\/blockquote>\n\n\n\n<p><\/p>\n\n\n\n<p>El\u00a0presidente estadounidense, Donald Trump,\u00a0calific\u00f3 ese bombardeo como uno de los \u00abm\u00e1s poderosos\u00bb de la historia de Oriente Medio.<\/p>\n\n\n\n<p>El l\u00edder republicano a\u00f1adi\u00f3 que si Ir\u00e1n interfiere con el paso libre y seguro de los barcos a trav\u00e9s del estrecho de Ormuz podr\u00eda atacar tambi\u00e9n la infraestructura petrolera de la isla, ubicada a 25 kil\u00f3metros de la costa iran\u00ed, que concentra la principal terminal petrolera del pa\u00eds y es el mayor punto de carga de crudo para buques petroleros. EFE<\/p>\n\n\n\n<p><\/p>\n","protected":false},"excerpt":{"rendered":"<p>Ir\u00e1n amenaz\u00f3 este s\u00e1bado una vez m\u00e1s con atacar las instalaciones de las empresas estadounidenses en Oriente Medio en caso de que su infraestructura energ\u00e9tica sea atacada por Estados Unidos e Israel, despu\u00e9s del bombardeo contra la isla iran\u00ed de Jarg, coraz\u00f3n de la industria petrolera de la Rep\u00fablica Isl\u00e1mica. \u00abEn caso de que las [&hellip;]<\/p>\n","protected":false},"author":2,"featured_media":4628,"comment_status":"closed","ping_status":"open","sticky":false,"template":"","format":"standard","meta":{"_seopress_robots_primary_cat":"","_seopress_titles_title":"","_seopress_titles_desc":"","_seopress_robots_index":"","footnotes":""},"categories":[45,1],"tags":[],"class_list":["post-4627","post","type-post","status-publish","format-standard","has-post-thumbnail","hentry","category-internacionales","category-sin-categoria"],"_links":{"self":[{"href":"https:\/\/girasolmultimedios.com\/portal\/wp-json\/wp\/v2\/posts\/4627","targetHints":{"allow":["GET"]}}],"collection":[{"href":"https:\/\/girasolmultimedios.com\/portal\/wp-json\/wp\/v2\/posts"}],"about":[{"href":"https:\/\/girasolmultimedios.com\/portal\/wp-json\/wp\/v2\/types\/post"}],"author":[{"embeddable":true,"href":"https:\/\/girasolmultimedios.com\/portal\/wp-json\/wp\/v2\/users\/2"}],"replies":[{"embeddable":true,"href":"https:\/\/girasolmultimedios.com\/portal\/wp-json\/wp\/v2\/comments?post=4627"}],"version-history":[{"count":2,"href":"https:\/\/girasolmultimedios.com\/portal\/wp-json\/wp\/v2\/posts\/4627\/revisions"}],"predecessor-version":[{"id":4630,"href":"https:\/\/girasolmultimedios.com\/portal\/wp-json\/wp\/v2\/posts\/4627\/revisions\/4630"}],"wp:featuredmedia":[{"embeddable":true,"href":"https:\/\/girasolmultimedios.com\/portal\/wp-json\/wp\/v2\/media\/4628"}],"wp:attachment":[{"href":"https:\/\/girasolmultimedios.com\/portal\/wp-json\/wp\/v2\/media?parent=4627"}],"wp:term":[{"taxonomy":"category","embeddable":true,"href":"https:\/\/girasolmultimedios.com\/portal\/wp-json\/wp\/v2\/categories?post=4627"},{"taxonomy":"post_tag","embeddable":true,"href":"https:\/\/girasolmultimedios.com\/portal\/wp-json\/wp\/v2\/tags?post=4627"}],"curies":[{"name":"wp","href":"https:\/\/api.w.org\/{rel}","templated":true}]}}