{"id":4631,"date":"2026-03-14T12:51:45","date_gmt":"2026-03-14T18:51:45","guid":{"rendered":"https:\/\/girasolmultimedios.com\/portal\/?p=4631"},"modified":"2026-03-14T12:51:46","modified_gmt":"2026-03-14T18:51:46","slug":"muere-la-segunda-victima-del-accidente-automovilistico-en-el-paraiso","status":"publish","type":"post","link":"https:\/\/girasolmultimedios.com\/portal\/muere-la-segunda-victima-del-accidente-automovilistico-en-el-paraiso\/","title":{"rendered":"Muere la segunda v\u00edctima del accidente automovil\u00edstico en El Para\u00edso"},"content":{"rendered":"\n<p>Las autoridades confirmaron en las \u00faltimas horas la muerte de Leivi Yolani Valladares, de 24 a\u00f1os, quien se convirti\u00f3 en la segunda v\u00edctima del accidente de tr\u00e1nsito ocurrido hace unos d\u00edas en la carretera del municipio de El Para\u00edso, en el oriente de Honduras.<\/p>\n\n\n\n<p>El tr\u00e1gico hecho qued\u00f3 grabado en video y muestra el momento en que un veh\u00edculo pierde el control e impacta en la parte trasera de una rastra que se encontraba estacionada. Debido a la magnitud del choque, muri\u00f3 en el lugar la conductora del autom\u00f3vil, Yahaira Maoli Sierra, de 20 a\u00f1os.<\/p>\n\n\n\n<p>Tras el accidente, los equipos de emergencia trasladaron a Valladares a un hospital en Tegucigalpa con la esperanza de salvarle la vida. Sin embargo, pese a los esfuerzos m\u00e9dicos, la joven falleci\u00f3 la noche del viernes, lo que ha causado profundo dolor entre sus familiares y en su comunidad.<\/p>\n\n\n\n<p>El accidente ocurri\u00f3 despu\u00e9s de las 5:00 de la tarde del lunes 9 de marzo. De acuerdo con versiones preliminares, la conductora perdi\u00f3 el control del veh\u00edculo, que derrap\u00f3 en la calzada antes de impactar contra la rastra.<\/p>\n\n\n\n<p>Los familiares informaron que los restos de Leivi Yolani Valladares ser\u00e1n velados en la sala de la funeraria Divina Misericordia en Danl\u00ed, departamento de El Para\u00edso.<\/p>\n\n\n\n<p><\/p>\n","protected":false},"excerpt":{"rendered":"<p>Las autoridades confirmaron en las \u00faltimas horas la muerte de Leivi Yolani Valladares, de 24 a\u00f1os, quien se convirti\u00f3 en la segunda v\u00edctima del accidente de tr\u00e1nsito ocurrido hace unos d\u00edas en la carretera del municipio de El Para\u00edso, en el oriente de Honduras. El tr\u00e1gico hecho qued\u00f3 grabado en video y muestra el momento [&hellip;]<\/p>\n","protected":false},"author":2,"featured_media":4632,"comment_status":"closed","ping_status":"open","sticky":false,"template":"","format":"standard","meta":{"_seopress_robots_primary_cat":"","_seopress_titles_title":"","_seopress_titles_desc":"","_seopress_robots_index":"","footnotes":""},"categories":[1],"tags":[],"class_list":["post-4631","post","type-post","status-publish","format-standard","has-post-thumbnail","hentry","category-sin-categoria"],"_links":{"self":[{"href":"https:\/\/girasolmultimedios.com\/portal\/wp-json\/wp\/v2\/posts\/4631","targetHints":{"allow":["GET"]}}],"collection":[{"href":"https:\/\/girasolmultimedios.com\/portal\/wp-json\/wp\/v2\/posts"}],"about":[{"href":"https:\/\/girasolmultimedios.com\/portal\/wp-json\/wp\/v2\/types\/post"}],"author":[{"embeddable":true,"href":"https:\/\/girasolmultimedios.com\/portal\/wp-json\/wp\/v2\/users\/2"}],"replies":[{"embeddable":true,"href":"https:\/\/girasolmultimedios.com\/portal\/wp-json\/wp\/v2\/comments?post=4631"}],"version-history":[{"count":1,"href":"https:\/\/girasolmultimedios.com\/portal\/wp-json\/wp\/v2\/posts\/4631\/revisions"}],"predecessor-version":[{"id":4633,"href":"https:\/\/girasolmultimedios.com\/portal\/wp-json\/wp\/v2\/posts\/4631\/revisions\/4633"}],"wp:featuredmedia":[{"embeddable":true,"href":"https:\/\/girasolmultimedios.com\/portal\/wp-json\/wp\/v2\/media\/4632"}],"wp:attachment":[{"href":"https:\/\/girasolmultimedios.com\/portal\/wp-json\/wp\/v2\/media?parent=4631"}],"wp:term":[{"taxonomy":"category","embeddable":true,"href":"https:\/\/girasolmultimedios.com\/portal\/wp-json\/wp\/v2\/categories?post=4631"},{"taxonomy":"post_tag","embeddable":true,"href":"https:\/\/girasolmultimedios.com\/portal\/wp-json\/wp\/v2\/tags?post=4631"}],"curies":[{"name":"wp","href":"https:\/\/api.w.org\/{rel}","templated":true}]}}