{"id":465,"date":"2025-09-19T14:07:09","date_gmt":"2025-09-19T20:07:09","guid":{"rendered":"https:\/\/girasolmultimedios.com\/portal\/?p=465"},"modified":"2025-09-21T14:29:03","modified_gmt":"2025-09-21T20:29:03","slug":"obras-del-pintor-arvin-zelaya-destacan-en-galerias-e-iglesias","status":"publish","type":"post","link":"https:\/\/girasolmultimedios.com\/portal\/obras-del-pintor-arvin-zelaya-destacan-en-galerias-e-iglesias\/","title":{"rendered":"Obras del pintor Arvin Zelaya destacan en galer\u00edas e iglesias"},"content":{"rendered":"\n<h3 class=\"wp-block-heading\"><strong>Arvin Zelaya: el arte como un puente entre el alma y el mundo<\/strong><\/h3>\n\n\n\n<p><strong>SABANAGRANDE.<\/strong> En lo alto de la aldea El Obelisco, en Sabanagrande, Francisco Moraz\u00e1n, creci\u00f3 Arvin Zelaya, un joven que desde muy peque\u00f1o encontr\u00f3 en el arte una forma profunda de comunicarse con el mundo. Lo que empez\u00f3 como un pasatiempo infantil, con l\u00e1pices y papel, termin\u00f3 convirti\u00e9ndose en su vocaci\u00f3n y forma de vida.<\/p>\n\n\n\n<p>Con el paso de los a\u00f1os, ese amor por el dibujo lo llev\u00f3 a formarse como artista profesional en la Escuela Nacional de Bellas Artes, donde se gradu\u00f3 como maestro de artes pl\u00e1sticas en 2016. Desde entonces, ha trazado un camino art\u00edstico lleno de esfuerzo, creatividad y espiritualidad.<\/p>\n\n\n\n<p>Zelaya se define por un estilo <strong>figurativo<\/strong>, con una marcada inclinaci\u00f3n hacia el <strong>arte sacro<\/strong> y el <strong>dibujo acad\u00e9mico<\/strong>. Su obra combina t\u00e9cnicas como el <strong>\u00f3leo, el acr\u00edlico y el grafito<\/strong>, a trav\u00e9s de las cuales representa rostros, figuras religiosas y escenas que invitan a la reflexi\u00f3n.<\/p>\n\n\n\n<blockquote class=\"wp-block-quote is-layout-flow wp-block-quote-is-layout-flow\">\n<p>\u201cVengo de un pueblo hermoso de gente luchadora y sobre todo lleno de inspiraci\u00f3n. Desde ni\u00f1o me gustaba dibujar y pintar y nunca imagin\u00e9 que ese impulso me traer\u00eda hasta aqu\u00ed. El arte me abri\u00f3 un camino y hoy es mi manera de vivir y de so\u00f1ar\u201d, relata el artista.<\/p>\n<\/blockquote>\n\n\n\n<p>Su talento ha sido parte de importantes muestras colectivas, destacando su participaci\u00f3n en espacios como la <strong>Galer\u00eda Nacional de Arte<\/strong>, la <strong>Alianza Francesa de Tegucigalpa<\/strong>, y la misma <strong>Escuela Nacional de Bellas Artes<\/strong>, que lo form\u00f3. Adem\u00e1s, ha realizado obras por encargo tanto en Honduras como en el extranjero, siendo un embajador del arte hondure\u00f1o en diferentes rincones del mundo.<\/p>\n\n\n\n<p>Uno de sus aportes m\u00e1s significativos ha sido su colaboraci\u00f3n con distintas iglesias del pa\u00eds, entre ellas la reconocida <strong>Bas\u00edlica de Suyapa<\/strong>, donde su arte se ha convertido en un veh\u00edculo de fe y contemplaci\u00f3n.<\/p>\n\n\n\n<p>Recientemente, particip\u00f3 en la exposici\u00f3n <strong>\u00c1ngeles y Demonios<\/strong>, donde present\u00f3 una obra de gran tama\u00f1o que explora la lucha entre la luz y la oscuridad, y la constante b\u00fasqueda del ser humano por la redenci\u00f3n. La pieza recibi\u00f3 elogios del p\u00fablico, marcando un nuevo avance en su desarrollo art\u00edstico.<\/p>\n\n\n\n<blockquote class=\"wp-block-quote is-layout-flow wp-block-quote-is-layout-flow\">\n<p>&nbsp;\u201cMe gusta que mis obras tengan alma, que las personas al verlas puedan sentir algo m\u00e1s all\u00e1 de la forma y el color\u201d, expresa con convicci\u00f3n.<\/p>\n<\/blockquote>\n\n\n\n<p>Aunque ha logrado consolidar una presencia importante en el arte nacional, su mayor anhelo a\u00fan est\u00e1 por cumplirse: realizar una exposici\u00f3n individual. Un sue\u00f1o que representa m\u00e1s que un logro personal, pues tambi\u00e9n es un homenaje a quienes han cre\u00eddo en \u00e9l desde el inicio.<\/p>\n\n\n\n<blockquote class=\"wp-block-quote is-layout-flow wp-block-quote-is-layout-flow\">\n<p>\u201cEspero seguir contando con ese apoyo, porque cada obra que realizo no la pienso solo para m\u00ed, sino tambi\u00e9n para los dem\u00e1s\u201d, afirma.<\/p>\n<\/blockquote>\n\n\n\n<p>Hoy, el nombre de <strong>Arvin Zelaya<\/strong> comienza a resonar con fuerza en el entorno art\u00edstico de Honduras, como prueba de que los sue\u00f1os nacidos en un peque\u00f1o rinc\u00f3n del pa\u00eds pueden llegar lejos cuando se caminan con pasi\u00f3n, disciplina y fe.<\/p>\n","protected":false},"excerpt":{"rendered":"<p>En lo alto de la aldea El Obelisco, en Sabanagrande, Francisco Moraz\u00e1n, creci\u00f3 Arvin Zelaya, un joven que desde muy peque\u00f1o encontr\u00f3 en el arte una forma profunda de comunicarse con el mundo. Lo que empez\u00f3 como un pasatiempo infantil, con l\u00e1pices y papel, termin\u00f3 convirti\u00e9ndose en su vocaci\u00f3n y forma de vida<\/p>\n","protected":false},"author":2,"featured_media":466,"comment_status":"closed","ping_status":"open","sticky":false,"template":"","format":"standard","meta":{"_seopress_robots_primary_cat":"","_seopress_titles_title":"","_seopress_titles_desc":"","_seopress_robots_index":"","footnotes":""},"categories":[81,23],"tags":[85,83,84],"class_list":["post-465","post","type-post","status-publish","format-standard","has-post-thumbnail","hentry","category-cultura","category-nacionales","tag-arte","tag-arvin-zelaya","tag-pinturas"],"_links":{"self":[{"href":"https:\/\/girasolmultimedios.com\/portal\/wp-json\/wp\/v2\/posts\/465","targetHints":{"allow":["GET"]}}],"collection":[{"href":"https:\/\/girasolmultimedios.com\/portal\/wp-json\/wp\/v2\/posts"}],"about":[{"href":"https:\/\/girasolmultimedios.com\/portal\/wp-json\/wp\/v2\/types\/post"}],"author":[{"embeddable":true,"href":"https:\/\/girasolmultimedios.com\/portal\/wp-json\/wp\/v2\/users\/2"}],"replies":[{"embeddable":true,"href":"https:\/\/girasolmultimedios.com\/portal\/wp-json\/wp\/v2\/comments?post=465"}],"version-history":[{"count":1,"href":"https:\/\/girasolmultimedios.com\/portal\/wp-json\/wp\/v2\/posts\/465\/revisions"}],"predecessor-version":[{"id":467,"href":"https:\/\/girasolmultimedios.com\/portal\/wp-json\/wp\/v2\/posts\/465\/revisions\/467"}],"wp:featuredmedia":[{"embeddable":true,"href":"https:\/\/girasolmultimedios.com\/portal\/wp-json\/wp\/v2\/media\/466"}],"wp:attachment":[{"href":"https:\/\/girasolmultimedios.com\/portal\/wp-json\/wp\/v2\/media?parent=465"}],"wp:term":[{"taxonomy":"category","embeddable":true,"href":"https:\/\/girasolmultimedios.com\/portal\/wp-json\/wp\/v2\/categories?post=465"},{"taxonomy":"post_tag","embeddable":true,"href":"https:\/\/girasolmultimedios.com\/portal\/wp-json\/wp\/v2\/tags?post=465"}],"curies":[{"name":"wp","href":"https:\/\/api.w.org\/{rel}","templated":true}]}}