{"id":4663,"date":"2026-03-16T06:52:19","date_gmt":"2026-03-16T12:52:19","guid":{"rendered":"https:\/\/girasolmultimedios.com\/portal\/?p=4663"},"modified":"2026-03-16T06:52:21","modified_gmt":"2026-03-16T12:52:21","slug":"altas-temperaturas-se-sentiran-con-fuerza-en-el-sur-del-pais-advierte-copeco","status":"publish","type":"post","link":"https:\/\/girasolmultimedios.com\/portal\/altas-temperaturas-se-sentiran-con-fuerza-en-el-sur-del-pais-advierte-copeco\/","title":{"rendered":"Altas temperaturas se sentir\u00e1n con fuerza en el sur del pa\u00eds, advierte Copeco"},"content":{"rendered":"\n<p>Las autoridades de la <strong>Secretar\u00eda de Gesti\u00f3n de Riesgos y Contingencias Nacionales<\/strong> alertaron que durante los pr\u00f3ximos d\u00edas se registrar\u00e1n <strong>temperaturas muy elevadas en la zona sur de Honduras<\/strong>, especialmente en los municipios de <strong>Choluteca<\/strong> y <strong>Nacaome<\/strong>, donde la sensaci\u00f3n t\u00e9rmica podr\u00eda alcanzar <strong>hasta los 40 grados cent\u00edgrados<\/strong>.<\/p>\n\n\n\n<p>En esta regi\u00f3n del pa\u00eds es com\u00fan escuchar el popular dicho de que \u201c<strong>el diablo anda en pelotas<\/strong>\u201d cuando el calor es extremo, expresi\u00f3n que refleja las condiciones sofocantes que se esperan durante esta temporada de verano.<\/p>\n\n\n\n<p>Seg\u00fan los pron\u00f3sticos, en los \u00faltimos d\u00edas el term\u00f3metro ya ha llegado a <strong>39 grados<\/strong>, y las autoridades no descartan que estas temperaturas se mantengan incluso <strong>despu\u00e9s de la Semana Santa<\/strong>. Por ello, recomiendan a la poblaci\u00f3n, especialmente a quienes planean visitar playas del sur, <strong>mantenerse hidratados y evitar la exposici\u00f3n prolongada al sol<\/strong>.<\/p>\n\n\n\n<p>El informe meteorol\u00f3gico indica que gran parte del territorio nacional continuar\u00e1 con <strong>ambiente seco y c\u00e1lido<\/strong>, producto de los vientos del este que trasladan humedad desde el mar Caribe hacia Honduras.<\/p>\n\n\n\n<p>Estas condiciones podr\u00edan generar <strong>lluvias d\u00e9biles y aisladas en la regi\u00f3n oriental<\/strong>, mientras que en horas de la tarde se podr\u00edan registrar <strong>chubascos ligeros en sectores del suroccidente<\/strong>, influenciados por la brisa proveniente del oc\u00e9ano Pac\u00edfico.<\/p>\n\n\n\n<h3 class=\"wp-block-heading\">Temperaturas en otras ciudades<\/h3>\n\n\n\n<p>Adem\u00e1s del sur del pa\u00eds, otras ciudades tambi\u00e9n experimentar\u00e1n temperaturas elevadas. En <strong>San Pedro Sula<\/strong>, <strong>Comayagua<\/strong>, <strong>La Paz<\/strong> y <strong>Santa B\u00e1rbara<\/strong> se esperan m\u00e1ximas entre <strong>32 y 33 grados cent\u00edgrados<\/strong>.<\/p>\n\n\n\n<p>En <strong>Juticalpa<\/strong> la temperatura podr\u00eda llegar a <strong>33 grados<\/strong>, mientras que en el <strong>Tegucigalpa<\/strong> se prev\u00e9 una m\u00e1xima cercana a <strong>30 grados<\/strong>, con cielo entre poco nublado y parcialmente nublado.<\/p>\n\n\n\n<p>Por otro lado, las zonas monta\u00f1osas del occidente mantendr\u00e1n <strong>un clima m\u00e1s fresco<\/strong>. En <strong>La Esperanza<\/strong> las temperaturas m\u00e1ximas rondar\u00e1n los <strong>25 grados<\/strong>, mientras que las m\u00ednimas podr\u00edan descender hasta <strong>14 grados<\/strong>.<\/p>\n\n\n\n<h3 class=\"wp-block-heading\">Condiciones del mar<\/h3>\n\n\n\n<p>Para quienes planean visitar las playas durante la temporada, el pron\u00f3stico indica que el oleaje se mantendr\u00e1 <strong>moderado en ambos litorales<\/strong>. En el mar Caribe se esperan olas de <strong>1 a 3 pies<\/strong>, con m\u00e1ximos de <strong>4 pies en las Islas de la Bah\u00eda<\/strong>, mientras que en el <strong>Golfo de Fonseca<\/strong> el oleaje oscilar\u00e1 entre <strong>1 y 3 pies<\/strong>.<\/p>\n\n\n\n<p>Ante este panorama, las autoridades reiteran el llamado a la poblaci\u00f3n a <strong>hidratarse constantemente, usar protecci\u00f3n solar y evitar la exposici\u00f3n directa al sol durante las horas de mayor radiaci\u00f3n<\/strong>, especialmente en el sur del pa\u00eds donde el calor ser\u00e1 m\u00e1s intenso.<\/p>\n","protected":false},"excerpt":{"rendered":"<p>Las autoridades de la Secretar\u00eda de Gesti\u00f3n de Riesgos y Contingencias Nacionales alertaron que durante los pr\u00f3ximos d\u00edas se registrar\u00e1n temperaturas muy elevadas en la zona sur de Honduras, especialmente en los municipios de Choluteca y Nacaome, donde la sensaci\u00f3n t\u00e9rmica podr\u00eda alcanzar hasta los 40 grados cent\u00edgrados. En esta regi\u00f3n del pa\u00eds es com\u00fan [&hellip;]<\/p>\n","protected":false},"author":2,"featured_media":4664,"comment_status":"closed","ping_status":"open","sticky":false,"template":"","format":"standard","meta":{"_seopress_robots_primary_cat":"","_seopress_titles_title":"","_seopress_titles_desc":"","_seopress_robots_index":"","footnotes":""},"categories":[1],"tags":[],"class_list":["post-4663","post","type-post","status-publish","format-standard","has-post-thumbnail","hentry","category-sin-categoria"],"_links":{"self":[{"href":"https:\/\/girasolmultimedios.com\/portal\/wp-json\/wp\/v2\/posts\/4663","targetHints":{"allow":["GET"]}}],"collection":[{"href":"https:\/\/girasolmultimedios.com\/portal\/wp-json\/wp\/v2\/posts"}],"about":[{"href":"https:\/\/girasolmultimedios.com\/portal\/wp-json\/wp\/v2\/types\/post"}],"author":[{"embeddable":true,"href":"https:\/\/girasolmultimedios.com\/portal\/wp-json\/wp\/v2\/users\/2"}],"replies":[{"embeddable":true,"href":"https:\/\/girasolmultimedios.com\/portal\/wp-json\/wp\/v2\/comments?post=4663"}],"version-history":[{"count":1,"href":"https:\/\/girasolmultimedios.com\/portal\/wp-json\/wp\/v2\/posts\/4663\/revisions"}],"predecessor-version":[{"id":4665,"href":"https:\/\/girasolmultimedios.com\/portal\/wp-json\/wp\/v2\/posts\/4663\/revisions\/4665"}],"wp:featuredmedia":[{"embeddable":true,"href":"https:\/\/girasolmultimedios.com\/portal\/wp-json\/wp\/v2\/media\/4664"}],"wp:attachment":[{"href":"https:\/\/girasolmultimedios.com\/portal\/wp-json\/wp\/v2\/media?parent=4663"}],"wp:term":[{"taxonomy":"category","embeddable":true,"href":"https:\/\/girasolmultimedios.com\/portal\/wp-json\/wp\/v2\/categories?post=4663"},{"taxonomy":"post_tag","embeddable":true,"href":"https:\/\/girasolmultimedios.com\/portal\/wp-json\/wp\/v2\/tags?post=4663"}],"curies":[{"name":"wp","href":"https:\/\/api.w.org\/{rel}","templated":true}]}}