{"id":4666,"date":"2026-03-16T06:55:02","date_gmt":"2026-03-16T12:55:02","guid":{"rendered":"https:\/\/girasolmultimedios.com\/portal\/?p=4666"},"modified":"2026-03-16T06:55:04","modified_gmt":"2026-03-16T12:55:04","slug":"sector-empresarial-sugiere-promover-ahorro-de-combustible-ante-incremento-de-precios","status":"publish","type":"post","link":"https:\/\/girasolmultimedios.com\/portal\/sector-empresarial-sugiere-promover-ahorro-de-combustible-ante-incremento-de-precios\/","title":{"rendered":"Sector empresarial sugiere promover ahorro de combustible ante incremento de precios"},"content":{"rendered":"\n<p>La presidenta del <strong>Consejo Hondure\u00f1o de la Empresa Privada<\/strong>, Anabel Gallardo, plante\u00f3 la necesidad de impulsar campa\u00f1as nacionales de <strong>uso responsable del combustible<\/strong>, ante los aumentos que se registrar\u00e1n en los precios de los carburantes en Honduras a partir de esta semana.<\/p>\n\n\n\n<p>De acuerdo con la representante del sector empresarial, fomentar medidas de ahorro permitir\u00eda <strong>reducir el consumo de derivados del petr\u00f3leo<\/strong>, lo que ayudar\u00eda a evitar que el pa\u00eds destine una mayor cantidad de divisas a la importaci\u00f3n de estos productos.<\/p>\n\n\n\n<p>La propuesta surge luego de anunciarse <strong>nuevos ajustes en los precios de los combustibles<\/strong>, que en algunos casos superan los diez lempiras por gal\u00f3n, dependiendo del tipo de carburante.<\/p>\n\n\n\n<p>Gallardo explic\u00f3 que el comportamiento del mercado internacional del petr\u00f3leo genera preocupaci\u00f3n en el sector productivo, ya que <strong>Honduras depende totalmente de la importaci\u00f3n de combustibles<\/strong>, lo que limita la capacidad del pa\u00eds para controlar su costo.<\/p>\n\n\n\n<h3 class=\"wp-block-heading\">Recomendaciones para reducir el consumo<\/h3>\n\n\n\n<p>Por su parte, el ministro de Energ\u00eda, Eduardo Oviedo, tambi\u00e9n recomend\u00f3 a la poblaci\u00f3n adoptar <strong>medidas para optimizar el uso de los veh\u00edculos<\/strong>, entre ellas compartir el autom\u00f3vil con m\u00e1s personas, evitar viajes innecesarios y realizar varios mandados en un solo recorrido.<\/p>\n\n\n\n<p>Las autoridades se\u00f1alan que la tendencia al alza en los combustibles est\u00e1 vinculada a la crisis internacional provocada por el conflicto en el Medio Oriente, especialmente en el <strong>Estrecho de Ormuz<\/strong>, una ruta estrat\u00e9gica por donde transita cerca del <strong>20 % del petr\u00f3leo que se comercializa en el mundo<\/strong>.<\/p>\n\n\n\n<p>Especialistas advierten que el incremento en los precios del crudo podr\u00eda tener efectos en otras \u00e1reas de la econom\u00eda nacional, provocando <strong>aumentos en la energ\u00eda el\u00e9ctrica y en los productos de la canasta b\u00e1sica<\/strong>, debido a que muchos procesos de producci\u00f3n y transporte dependen del uso de combustibles.<\/p>\n","protected":false},"excerpt":{"rendered":"<p>La presidenta del Consejo Hondure\u00f1o de la Empresa Privada, Anabel Gallardo, plante\u00f3 la necesidad de impulsar campa\u00f1as nacionales de uso responsable del combustible, ante los aumentos que se registrar\u00e1n en los precios de los carburantes en Honduras a partir de esta semana. De acuerdo con la representante del sector empresarial, fomentar medidas de ahorro permitir\u00eda [&hellip;]<\/p>\n","protected":false},"author":2,"featured_media":4667,"comment_status":"closed","ping_status":"open","sticky":false,"template":"","format":"standard","meta":{"_seopress_robots_primary_cat":"","_seopress_titles_title":"","_seopress_titles_desc":"","_seopress_robots_index":"","footnotes":""},"categories":[1],"tags":[],"class_list":["post-4666","post","type-post","status-publish","format-standard","has-post-thumbnail","hentry","category-sin-categoria"],"_links":{"self":[{"href":"https:\/\/girasolmultimedios.com\/portal\/wp-json\/wp\/v2\/posts\/4666","targetHints":{"allow":["GET"]}}],"collection":[{"href":"https:\/\/girasolmultimedios.com\/portal\/wp-json\/wp\/v2\/posts"}],"about":[{"href":"https:\/\/girasolmultimedios.com\/portal\/wp-json\/wp\/v2\/types\/post"}],"author":[{"embeddable":true,"href":"https:\/\/girasolmultimedios.com\/portal\/wp-json\/wp\/v2\/users\/2"}],"replies":[{"embeddable":true,"href":"https:\/\/girasolmultimedios.com\/portal\/wp-json\/wp\/v2\/comments?post=4666"}],"version-history":[{"count":1,"href":"https:\/\/girasolmultimedios.com\/portal\/wp-json\/wp\/v2\/posts\/4666\/revisions"}],"predecessor-version":[{"id":4668,"href":"https:\/\/girasolmultimedios.com\/portal\/wp-json\/wp\/v2\/posts\/4666\/revisions\/4668"}],"wp:featuredmedia":[{"embeddable":true,"href":"https:\/\/girasolmultimedios.com\/portal\/wp-json\/wp\/v2\/media\/4667"}],"wp:attachment":[{"href":"https:\/\/girasolmultimedios.com\/portal\/wp-json\/wp\/v2\/media?parent=4666"}],"wp:term":[{"taxonomy":"category","embeddable":true,"href":"https:\/\/girasolmultimedios.com\/portal\/wp-json\/wp\/v2\/categories?post=4666"},{"taxonomy":"post_tag","embeddable":true,"href":"https:\/\/girasolmultimedios.com\/portal\/wp-json\/wp\/v2\/tags?post=4666"}],"curies":[{"name":"wp","href":"https:\/\/api.w.org\/{rel}","templated":true}]}}