{"id":4669,"date":"2026-03-16T06:57:13","date_gmt":"2026-03-16T12:57:13","guid":{"rendered":"https:\/\/girasolmultimedios.com\/portal\/?p=4669"},"modified":"2026-03-16T06:57:15","modified_gmt":"2026-03-16T12:57:15","slug":"ucrania-asegura-que-rusia-no-muestra-intencion-real-de-negociar-el-fin-de-la-guerra","status":"publish","type":"post","link":"https:\/\/girasolmultimedios.com\/portal\/ucrania-asegura-que-rusia-no-muestra-intencion-real-de-negociar-el-fin-de-la-guerra\/","title":{"rendered":"Ucrania asegura que Rusia no muestra intenci\u00f3n real de negociar el fin de la guerra"},"content":{"rendered":"\n<p>El ministro de Relaciones Exteriores de <strong>Ucrania<\/strong>, Andrii Sybiha, afirm\u00f3 que hasta el momento <strong>no existen se\u00f1ales claras por parte de Rusia para iniciar negociaciones de paz serias<\/strong>, al considerar que Mosc\u00fa estar\u00eda utilizando el di\u00e1logo solo para ganar tiempo y reducir la presi\u00f3n internacional.<\/p>\n\n\n\n<p>Durante una visita oficial a <strong>Chile<\/strong>, el diplom\u00e1tico se\u00f1al\u00f3 que la postura de su pa\u00eds sigue siendo firme: <strong>poner fin a la guerra y lograr un alto al fuego incondicional<\/strong>.<\/p>\n\n\n\n<p>Sybiha sostuvo que el gobierno de <strong>Volodymyr Zelensky<\/strong> mantiene la disposici\u00f3n de negociar, pero considera que <strong>Rusia<\/strong> no ha demostrado voluntad real para avanzar en un acuerdo que permita terminar el conflicto.<\/p>\n\n\n\n<p>El canciller record\u00f3 que la invasi\u00f3n iniciada en febrero de 2022 ha tenido fuertes repercusiones para la poblaci\u00f3n ucraniana, afectando tanto a ciudadanos como a funcionarios del propio gobierno. En su caso personal, relat\u00f3 que durante los primeros d\u00edas de la ofensiva tuvo que permanecer en un b\u00fanker junto al presidente Zelensky debido a los ataques a gran escala.<\/p>\n\n\n\n<p>Adem\u00e1s, explic\u00f3 que los constantes bombardeos contra la infraestructura energ\u00e9tica del pa\u00eds provocaron <strong>cortes prolongados de electricidad y calefacci\u00f3n<\/strong>, obligando a muchas familias a adaptarse a condiciones dif\u00edciles durante el invierno.<\/p>\n\n\n\n<p>El funcionario destac\u00f3 que, pese a estas dificultades, el pueblo ucraniano ha demostrado <strong>resiliencia y capacidad de resistencia<\/strong>, mientras contin\u00faa prepar\u00e1ndose ante posibles escenarios adversos en el conflicto.<\/p>\n\n\n\n<p>La visita del canciller a Chile se realiz\u00f3 en el marco de la ceremonia de cambio de mando presidencial, donde particip\u00f3 en la investidura del mandatario <strong>Jos\u00e9 Antonio Kast<\/strong>, reafirmando la importancia de fortalecer las relaciones bilaterales entre ambas naciones.<\/p>\n","protected":false},"excerpt":{"rendered":"<p>El ministro de Relaciones Exteriores de Ucrania, Andrii Sybiha, afirm\u00f3 que hasta el momento no existen se\u00f1ales claras por parte de Rusia para iniciar negociaciones de paz serias, al considerar que Mosc\u00fa estar\u00eda utilizando el di\u00e1logo solo para ganar tiempo y reducir la presi\u00f3n internacional. Durante una visita oficial a Chile, el diplom\u00e1tico se\u00f1al\u00f3 que [&hellip;]<\/p>\n","protected":false},"author":2,"featured_media":4670,"comment_status":"closed","ping_status":"open","sticky":false,"template":"","format":"standard","meta":{"_seopress_robots_primary_cat":"","_seopress_titles_title":"","_seopress_titles_desc":"","_seopress_robots_index":"","footnotes":""},"categories":[1],"tags":[],"class_list":["post-4669","post","type-post","status-publish","format-standard","has-post-thumbnail","hentry","category-sin-categoria"],"_links":{"self":[{"href":"https:\/\/girasolmultimedios.com\/portal\/wp-json\/wp\/v2\/posts\/4669","targetHints":{"allow":["GET"]}}],"collection":[{"href":"https:\/\/girasolmultimedios.com\/portal\/wp-json\/wp\/v2\/posts"}],"about":[{"href":"https:\/\/girasolmultimedios.com\/portal\/wp-json\/wp\/v2\/types\/post"}],"author":[{"embeddable":true,"href":"https:\/\/girasolmultimedios.com\/portal\/wp-json\/wp\/v2\/users\/2"}],"replies":[{"embeddable":true,"href":"https:\/\/girasolmultimedios.com\/portal\/wp-json\/wp\/v2\/comments?post=4669"}],"version-history":[{"count":1,"href":"https:\/\/girasolmultimedios.com\/portal\/wp-json\/wp\/v2\/posts\/4669\/revisions"}],"predecessor-version":[{"id":4671,"href":"https:\/\/girasolmultimedios.com\/portal\/wp-json\/wp\/v2\/posts\/4669\/revisions\/4671"}],"wp:featuredmedia":[{"embeddable":true,"href":"https:\/\/girasolmultimedios.com\/portal\/wp-json\/wp\/v2\/media\/4670"}],"wp:attachment":[{"href":"https:\/\/girasolmultimedios.com\/portal\/wp-json\/wp\/v2\/media?parent=4669"}],"wp:term":[{"taxonomy":"category","embeddable":true,"href":"https:\/\/girasolmultimedios.com\/portal\/wp-json\/wp\/v2\/categories?post=4669"},{"taxonomy":"post_tag","embeddable":true,"href":"https:\/\/girasolmultimedios.com\/portal\/wp-json\/wp\/v2\/tags?post=4669"}],"curies":[{"name":"wp","href":"https:\/\/api.w.org\/{rel}","templated":true}]}}