{"id":4675,"date":"2026-03-16T07:04:42","date_gmt":"2026-03-16T13:04:42","guid":{"rendered":"https:\/\/girasolmultimedios.com\/portal\/?p=4675"},"modified":"2026-03-16T07:04:44","modified_gmt":"2026-03-16T13:04:44","slug":"anuncian-feria-de-empleo-para-el-20-de-marzo-en-tegucigalpa","status":"publish","type":"post","link":"https:\/\/girasolmultimedios.com\/portal\/anuncian-feria-de-empleo-para-el-20-de-marzo-en-tegucigalpa\/","title":{"rendered":"Anuncian feria de empleo para el 20 de marzo en Tegucigalpa"},"content":{"rendered":"\n<p>La <strong>Secretar\u00eda de Trabajo y Seguridad Social<\/strong> inform\u00f3 que el pr\u00f3ximo <strong>20 de marzo<\/strong> se llevar\u00e1 a cabo una jornada especial de <strong>reclutamiento, formaci\u00f3n y emprendimiento<\/strong> en <strong>Tegucigalpa<\/strong>, con el objetivo de generar oportunidades laborales para personas que buscan empleo.<\/p>\n\n\n\n<p>La actividad se desarrollar\u00e1 en el <strong>Estadio Chochi Sosa<\/strong>, en horario de <strong>8:00 de la ma\u00f1ana a 3:00 de la tarde<\/strong>, donde diferentes empresas estar\u00e1n presentando vacantes en distintos sectores productivos.<\/p>\n\n\n\n<p>Durante la jornada, los asistentes tendr\u00e1n la oportunidad de <strong>conocer las ofertas de trabajo disponibles y participar en procesos de selecci\u00f3n<\/strong> directamente con las compa\u00f1\u00edas participantes.<\/p>\n\n\n\n<p>Las autoridades recomendaron a los interesados <strong>llevar su curr\u00edculum vitae actualizado<\/strong> para facilitar su participaci\u00f3n en las entrevistas y procesos de reclutamiento que se desarrollar\u00e1n durante el evento. Asimismo, recordaron que por normas del recinto deportivo es necesario asistir <strong>con calzado deportivo<\/strong>.<\/p>\n\n\n\n<h3 class=\"wp-block-heading\">Situaci\u00f3n del empleo en el pa\u00eds<\/h3>\n\n\n\n<p>De acuerdo con el <strong>Consejo Hondure\u00f1o de la Empresa Privada<\/strong>, Honduras enfrenta importantes retos en materia laboral. Las cifras se\u00f1alan que <strong>m\u00e1s de 386 mil personas se encuentran desempleadas<\/strong>, mientras que <strong>m\u00e1s de 1.5 millones trabajan en la informalidad<\/strong> y alrededor de <strong>1.6 millones se encuentran subempleadas<\/strong>.<\/p>\n\n\n\n<p>El organismo tambi\u00e9n advierte que los j\u00f3venes son uno de los sectores m\u00e1s afectados, con <strong>cientos de miles que enfrentan dificultades para acceder a un empleo<\/strong>, adem\u00e1s de un n\u00famero considerable de j\u00f3venes que <strong>ni estudian ni trabajan<\/strong>.<\/p>\n\n\n\n<p>Ante este panorama, las autoridades esperan que estas jornadas de reclutamiento <strong>sirvan como puente entre las empresas que buscan talento y los hondure\u00f1os que necesitan una oportunidad laboral<\/strong>.<\/p>\n","protected":false},"excerpt":{"rendered":"<p>La Secretar\u00eda de Trabajo y Seguridad Social inform\u00f3 que el pr\u00f3ximo 20 de marzo se llevar\u00e1 a cabo una jornada especial de reclutamiento, formaci\u00f3n y emprendimiento en Tegucigalpa, con el objetivo de generar oportunidades laborales para personas que buscan empleo. La actividad se desarrollar\u00e1 en el Estadio Chochi Sosa, en horario de 8:00 de la [&hellip;]<\/p>\n","protected":false},"author":2,"featured_media":4676,"comment_status":"closed","ping_status":"open","sticky":false,"template":"","format":"standard","meta":{"_seopress_robots_primary_cat":"","_seopress_titles_title":"","_seopress_titles_desc":"","_seopress_robots_index":"","footnotes":""},"categories":[1],"tags":[],"class_list":["post-4675","post","type-post","status-publish","format-standard","has-post-thumbnail","hentry","category-sin-categoria"],"_links":{"self":[{"href":"https:\/\/girasolmultimedios.com\/portal\/wp-json\/wp\/v2\/posts\/4675","targetHints":{"allow":["GET"]}}],"collection":[{"href":"https:\/\/girasolmultimedios.com\/portal\/wp-json\/wp\/v2\/posts"}],"about":[{"href":"https:\/\/girasolmultimedios.com\/portal\/wp-json\/wp\/v2\/types\/post"}],"author":[{"embeddable":true,"href":"https:\/\/girasolmultimedios.com\/portal\/wp-json\/wp\/v2\/users\/2"}],"replies":[{"embeddable":true,"href":"https:\/\/girasolmultimedios.com\/portal\/wp-json\/wp\/v2\/comments?post=4675"}],"version-history":[{"count":1,"href":"https:\/\/girasolmultimedios.com\/portal\/wp-json\/wp\/v2\/posts\/4675\/revisions"}],"predecessor-version":[{"id":4677,"href":"https:\/\/girasolmultimedios.com\/portal\/wp-json\/wp\/v2\/posts\/4675\/revisions\/4677"}],"wp:featuredmedia":[{"embeddable":true,"href":"https:\/\/girasolmultimedios.com\/portal\/wp-json\/wp\/v2\/media\/4676"}],"wp:attachment":[{"href":"https:\/\/girasolmultimedios.com\/portal\/wp-json\/wp\/v2\/media?parent=4675"}],"wp:term":[{"taxonomy":"category","embeddable":true,"href":"https:\/\/girasolmultimedios.com\/portal\/wp-json\/wp\/v2\/categories?post=4675"},{"taxonomy":"post_tag","embeddable":true,"href":"https:\/\/girasolmultimedios.com\/portal\/wp-json\/wp\/v2\/tags?post=4675"}],"curies":[{"name":"wp","href":"https:\/\/api.w.org\/{rel}","templated":true}]}}