{"id":4684,"date":"2026-03-16T07:23:53","date_gmt":"2026-03-16T13:23:53","guid":{"rendered":"https:\/\/girasolmultimedios.com\/portal\/?p=4684"},"modified":"2026-03-16T07:23:54","modified_gmt":"2026-03-16T13:23:54","slug":"honduras-condena-ataques-en-el-golfo-y-pide-detener-las-hostilidades","status":"publish","type":"post","link":"https:\/\/girasolmultimedios.com\/portal\/honduras-condena-ataques-en-el-golfo-y-pide-detener-las-hostilidades\/","title":{"rendered":"Honduras condena ataques en el Golfo y pide detener las hostilidades"},"content":{"rendered":"\n<p>El gobierno de <strong>Honduras<\/strong> manifest\u00f3 su preocupaci\u00f3n por los recientes ataques atribuidos a <strong>Ir\u00e1n<\/strong> contra naciones de la regi\u00f3n del Golfo, se\u00f1alando que estos hechos representan una seria amenaza para la paz y la seguridad a nivel internacional.<\/p>\n\n\n\n<p>Mediante un comunicado oficial, las autoridades hondure\u00f1as expresaron su <strong>solidaridad con los gobiernos y ciudadanos de los pa\u00edses afectados<\/strong>, al tiempo que reiteraron su respaldo a la <strong>Resoluci\u00f3n 2817 (2026)<\/strong> del <strong>Consejo de Seguridad de las Naciones Unidas<\/strong>, de la cual Honduras participa como copatrocinador.<\/p>\n\n\n\n<p>Dicha resoluci\u00f3n solicita <strong>el cese inmediato de los enfrentamientos<\/strong>, as\u00ed como la protecci\u00f3n de la poblaci\u00f3n civil y el cumplimiento del derecho internacional humanitario.<\/p>\n\n\n\n<p>El gobierno tambi\u00e9n destac\u00f3 el papel de los pa\u00edses que trabajan por mantener la estabilidad en la regi\u00f3n del <strong>Medio Oriente<\/strong>, e hizo un llamado a evitar acciones que puedan intensificar el conflicto.<\/p>\n\n\n\n<p>Finalmente, Honduras reiter\u00f3 que cualquier respuesta ante esta situaci\u00f3n debe desarrollarse <strong>dentro del marco del derecho internacional y bajo los principios promovidos por la Organizaci\u00f3n de las Naciones Unidas<\/strong>, apostando siempre por el di\u00e1logo y las v\u00edas diplom\u00e1ticas para la soluci\u00f3n pac\u00edfica de las controversias.<\/p>\n","protected":false},"excerpt":{"rendered":"<p>El gobierno de Honduras manifest\u00f3 su preocupaci\u00f3n por los recientes ataques atribuidos a Ir\u00e1n contra naciones de la regi\u00f3n del Golfo, se\u00f1alando que estos hechos representan una seria amenaza para la paz y la seguridad a nivel internacional. Mediante un comunicado oficial, las autoridades hondure\u00f1as expresaron su solidaridad con los gobiernos y ciudadanos de los [&hellip;]<\/p>\n","protected":false},"author":2,"featured_media":4685,"comment_status":"closed","ping_status":"open","sticky":false,"template":"","format":"standard","meta":{"_seopress_robots_primary_cat":"","_seopress_titles_title":"","_seopress_titles_desc":"","_seopress_robots_index":"","footnotes":""},"categories":[1],"tags":[],"class_list":["post-4684","post","type-post","status-publish","format-standard","has-post-thumbnail","hentry","category-sin-categoria"],"_links":{"self":[{"href":"https:\/\/girasolmultimedios.com\/portal\/wp-json\/wp\/v2\/posts\/4684","targetHints":{"allow":["GET"]}}],"collection":[{"href":"https:\/\/girasolmultimedios.com\/portal\/wp-json\/wp\/v2\/posts"}],"about":[{"href":"https:\/\/girasolmultimedios.com\/portal\/wp-json\/wp\/v2\/types\/post"}],"author":[{"embeddable":true,"href":"https:\/\/girasolmultimedios.com\/portal\/wp-json\/wp\/v2\/users\/2"}],"replies":[{"embeddable":true,"href":"https:\/\/girasolmultimedios.com\/portal\/wp-json\/wp\/v2\/comments?post=4684"}],"version-history":[{"count":1,"href":"https:\/\/girasolmultimedios.com\/portal\/wp-json\/wp\/v2\/posts\/4684\/revisions"}],"predecessor-version":[{"id":4686,"href":"https:\/\/girasolmultimedios.com\/portal\/wp-json\/wp\/v2\/posts\/4684\/revisions\/4686"}],"wp:featuredmedia":[{"embeddable":true,"href":"https:\/\/girasolmultimedios.com\/portal\/wp-json\/wp\/v2\/media\/4685"}],"wp:attachment":[{"href":"https:\/\/girasolmultimedios.com\/portal\/wp-json\/wp\/v2\/media?parent=4684"}],"wp:term":[{"taxonomy":"category","embeddable":true,"href":"https:\/\/girasolmultimedios.com\/portal\/wp-json\/wp\/v2\/categories?post=4684"},{"taxonomy":"post_tag","embeddable":true,"href":"https:\/\/girasolmultimedios.com\/portal\/wp-json\/wp\/v2\/tags?post=4684"}],"curies":[{"name":"wp","href":"https:\/\/api.w.org\/{rel}","templated":true}]}}