{"id":4687,"date":"2026-03-17T06:41:18","date_gmt":"2026-03-17T12:41:18","guid":{"rendered":"https:\/\/girasolmultimedios.com\/portal\/?p=4687"},"modified":"2026-03-17T06:41:20","modified_gmt":"2026-03-17T12:41:20","slug":"inestabilidad-climatica-por-vaguada-traera-lluvias-y-descargas-electricas-este-martes","status":"publish","type":"post","link":"https:\/\/girasolmultimedios.com\/portal\/inestabilidad-climatica-por-vaguada-traera-lluvias-y-descargas-electricas-este-martes\/","title":{"rendered":"Inestabilidad clim\u00e1tica por vaguada traer\u00e1 lluvias y descargas el\u00e9ctricas este martes"},"content":{"rendered":"\n<p>Aunque la jornada inici\u00f3 con tiempo estable y cielos mayormente despejados en gran parte del territorio hondure\u00f1o, las condiciones cambiar\u00e1n notablemente conforme avance el d\u00eda. La Secretar\u00eda de Gesti\u00f3n de Riesgos y Contingencias Nacionales (COPECO) advirti\u00f3 sobre la influencia de una vaguada prefrontal que provocar\u00e1 inestabilidad atmosf\u00e9rica durante la tarde.<\/p>\n\n\n\n<p>El especialista en pron\u00f3sticos, Luis Fonseca, detall\u00f3 que este fen\u00f3meno permitir\u00e1 el desplazamiento de humedad desde el Caribe y el Pac\u00edfico, generando precipitaciones de car\u00e1cter disperso en varias zonas del pa\u00eds.<\/p>\n\n\n\n<p>Las regiones del centro y occidente ser\u00e1n las m\u00e1s afectadas, donde se prev\u00e9 mayor acumulaci\u00f3n de lluvia, acompa\u00f1ada de tormentas el\u00e9ctricas aisladas. Ante esta situaci\u00f3n, las autoridades instan a la poblaci\u00f3n a mantenerse atenta a los cambios del clima y tomar medidas preventivas.<\/p>\n\n\n\n<p>En el \u00e1mbito mar\u00edtimo, las condiciones se mantendr\u00e1n relativamente estables, con olas de entre 1 y 3 pies en la costa Caribe, mientras que en el Golfo de Fonseca podr\u00edan alcanzar entre 2 y 4 pies.<\/p>\n\n\n\n<p>Asimismo, COPECO indic\u00f3 que el pa\u00eds atraviesa la fase lunar de cuarto menguante. El amanecer se registr\u00f3 a las 5:56 a.m., y la puesta del sol est\u00e1 prevista para las 5:58 p.m.<\/p>\n\n\n\n<p>Las temperaturas continuar\u00e1n elevadas en varias regiones, destacando m\u00e1ximas de hasta 36\u00b0C en el sur, mientras que en zonas monta\u00f1osas se esperan valores m\u00e1s frescos, con m\u00ednimas cercanas a los 14\u00b0C.<\/p>\n","protected":false},"excerpt":{"rendered":"<p>Aunque la jornada inici\u00f3 con tiempo estable y cielos mayormente despejados en gran parte del territorio hondure\u00f1o, las condiciones cambiar\u00e1n notablemente conforme avance el d\u00eda. La Secretar\u00eda de Gesti\u00f3n de Riesgos y Contingencias Nacionales (COPECO) advirti\u00f3 sobre la influencia de una vaguada prefrontal que provocar\u00e1 inestabilidad atmosf\u00e9rica durante la tarde. El especialista en pron\u00f3sticos, Luis [&hellip;]<\/p>\n","protected":false},"author":2,"featured_media":4688,"comment_status":"closed","ping_status":"open","sticky":false,"template":"","format":"standard","meta":{"_seopress_robots_primary_cat":"","_seopress_titles_title":"","_seopress_titles_desc":"","_seopress_robots_index":"","footnotes":""},"categories":[1],"tags":[],"class_list":["post-4687","post","type-post","status-publish","format-standard","has-post-thumbnail","hentry","category-sin-categoria"],"_links":{"self":[{"href":"https:\/\/girasolmultimedios.com\/portal\/wp-json\/wp\/v2\/posts\/4687","targetHints":{"allow":["GET"]}}],"collection":[{"href":"https:\/\/girasolmultimedios.com\/portal\/wp-json\/wp\/v2\/posts"}],"about":[{"href":"https:\/\/girasolmultimedios.com\/portal\/wp-json\/wp\/v2\/types\/post"}],"author":[{"embeddable":true,"href":"https:\/\/girasolmultimedios.com\/portal\/wp-json\/wp\/v2\/users\/2"}],"replies":[{"embeddable":true,"href":"https:\/\/girasolmultimedios.com\/portal\/wp-json\/wp\/v2\/comments?post=4687"}],"version-history":[{"count":1,"href":"https:\/\/girasolmultimedios.com\/portal\/wp-json\/wp\/v2\/posts\/4687\/revisions"}],"predecessor-version":[{"id":4689,"href":"https:\/\/girasolmultimedios.com\/portal\/wp-json\/wp\/v2\/posts\/4687\/revisions\/4689"}],"wp:featuredmedia":[{"embeddable":true,"href":"https:\/\/girasolmultimedios.com\/portal\/wp-json\/wp\/v2\/media\/4688"}],"wp:attachment":[{"href":"https:\/\/girasolmultimedios.com\/portal\/wp-json\/wp\/v2\/media?parent=4687"}],"wp:term":[{"taxonomy":"category","embeddable":true,"href":"https:\/\/girasolmultimedios.com\/portal\/wp-json\/wp\/v2\/categories?post=4687"},{"taxonomy":"post_tag","embeddable":true,"href":"https:\/\/girasolmultimedios.com\/portal\/wp-json\/wp\/v2\/tags?post=4687"}],"curies":[{"name":"wp","href":"https:\/\/api.w.org\/{rel}","templated":true}]}}