{"id":4690,"date":"2026-03-17T06:43:17","date_gmt":"2026-03-17T12:43:17","guid":{"rendered":"https:\/\/girasolmultimedios.com\/portal\/?p=4690"},"modified":"2026-03-17T06:43:19","modified_gmt":"2026-03-17T12:43:19","slug":"tragedia-vial-deja-tres-fallecidos-tras-violento-impacto-en-la-ca-13","status":"publish","type":"post","link":"https:\/\/girasolmultimedios.com\/portal\/tragedia-vial-deja-tres-fallecidos-tras-violento-impacto-en-la-ca-13\/","title":{"rendered":"Tragedia vial deja tres fallecidos tras violento impacto en la CA-13"},"content":{"rendered":"\n<p>Una nueva tragedia enluta a Honduras. Tres personas murieron de forma instant\u00e1nea luego de un aparatoso accidente entre un autob\u00fas del transporte interurbano y un veh\u00edculo tipo pick up, ocurrido en la carretera CA-13, a la altura de Salam\u00e1, en el departamento de Col\u00f3n.<\/p>\n\n\n\n<p>El fuerte impacto provoc\u00f3 la muerte inmediata de Jos\u00e9 Oliva, originario de San Esteban, Olancho, quien conduc\u00eda el veh\u00edculo paila y se desempe\u00f1aba como gerente bancario en Bonito Oriental. Junto a \u00e9l tambi\u00e9n perdieron la vida Jeancarlo Chinchilla, ayudante de la unidad de transporte, y Loany Zelaya, comerciante que viajaba como pasajera y resid\u00eda en la colonia Vista Hermosa de Tocoa.<\/p>\n\n\n\n<p>Adem\u00e1s de las v\u00edctimas mortales, el accidente dej\u00f3 varios heridos, algunos de ellos con lesiones de gravedad. Equipos de socorro llegaron r\u00e1pidamente al lugar para brindar asistencia y trasladar a los afectados hacia centros asistenciales cercanos.<\/p>\n\n\n\n<p>El percance ocurri\u00f3 en un tramo altamente transitado de la CA-13, una v\u00eda clave que conecta distintas comunidades de los departamentos de Col\u00f3n y Atl\u00e1ntida, lo que ha generado preocupaci\u00f3n entre los habitantes de la zona por la constante incidencia de accidentes.<\/p>\n\n\n\n<p>Hasta el momento, las autoridades no han determinado la causa exacta del choque; sin embargo, entre las posibles hip\u00f3tesis se consideran el exceso de velocidad, fallas mec\u00e1nicas o maniobras imprudentes al volante.<\/p>\n\n\n\n<p>Agentes de la Direcci\u00f3n Nacional de Vialidad y Transporte (DNVT), junto a la Polic\u00eda de Tr\u00e1nsito, ya iniciaron las investigaciones para esclarecer lo sucedido y deducir responsabilidades.<\/p>\n\n\n\n<p>Vecinos del sector han manifestado su inquietud ante lo que califican como una carretera peligrosa, solicitando mayor presencia policial, se\u00f1alizaci\u00f3n adecuada y campa\u00f1as de concientizaci\u00f3n para evitar m\u00e1s tragedias.<\/p>\n\n\n\n<p>El hecho ha generado conmoci\u00f3n y solidaridad con los familiares de las v\u00edctimas, mientras las autoridades reiteran el llamado urgente a conducir con precauci\u00f3n y respetar las normas viales.<\/p>\n\n\n\n<p>Las investigaciones continuar\u00e1n en los pr\u00f3ximos d\u00edas, con el an\u00e1lisis de evidencias y testimonios, en busca de respuestas que permitan evitar que este tipo de tragedias vuelva a repetirse.<\/p>\n","protected":false},"excerpt":{"rendered":"<p>Una nueva tragedia enluta a Honduras. Tres personas murieron de forma instant\u00e1nea luego de un aparatoso accidente entre un autob\u00fas del transporte interurbano y un veh\u00edculo tipo pick up, ocurrido en la carretera CA-13, a la altura de Salam\u00e1, en el departamento de Col\u00f3n. El fuerte impacto provoc\u00f3 la muerte inmediata de Jos\u00e9 Oliva, originario [&hellip;]<\/p>\n","protected":false},"author":2,"featured_media":4691,"comment_status":"closed","ping_status":"open","sticky":false,"template":"","format":"standard","meta":{"_seopress_robots_primary_cat":"","_seopress_titles_title":"","_seopress_titles_desc":"","_seopress_robots_index":"","footnotes":""},"categories":[1],"tags":[],"class_list":["post-4690","post","type-post","status-publish","format-standard","has-post-thumbnail","hentry","category-sin-categoria"],"_links":{"self":[{"href":"https:\/\/girasolmultimedios.com\/portal\/wp-json\/wp\/v2\/posts\/4690","targetHints":{"allow":["GET"]}}],"collection":[{"href":"https:\/\/girasolmultimedios.com\/portal\/wp-json\/wp\/v2\/posts"}],"about":[{"href":"https:\/\/girasolmultimedios.com\/portal\/wp-json\/wp\/v2\/types\/post"}],"author":[{"embeddable":true,"href":"https:\/\/girasolmultimedios.com\/portal\/wp-json\/wp\/v2\/users\/2"}],"replies":[{"embeddable":true,"href":"https:\/\/girasolmultimedios.com\/portal\/wp-json\/wp\/v2\/comments?post=4690"}],"version-history":[{"count":1,"href":"https:\/\/girasolmultimedios.com\/portal\/wp-json\/wp\/v2\/posts\/4690\/revisions"}],"predecessor-version":[{"id":4692,"href":"https:\/\/girasolmultimedios.com\/portal\/wp-json\/wp\/v2\/posts\/4690\/revisions\/4692"}],"wp:featuredmedia":[{"embeddable":true,"href":"https:\/\/girasolmultimedios.com\/portal\/wp-json\/wp\/v2\/media\/4691"}],"wp:attachment":[{"href":"https:\/\/girasolmultimedios.com\/portal\/wp-json\/wp\/v2\/media?parent=4690"}],"wp:term":[{"taxonomy":"category","embeddable":true,"href":"https:\/\/girasolmultimedios.com\/portal\/wp-json\/wp\/v2\/categories?post=4690"},{"taxonomy":"post_tag","embeddable":true,"href":"https:\/\/girasolmultimedios.com\/portal\/wp-json\/wp\/v2\/tags?post=4690"}],"curies":[{"name":"wp","href":"https:\/\/api.w.org\/{rel}","templated":true}]}}