{"id":4696,"date":"2026-03-17T06:48:07","date_gmt":"2026-03-17T12:48:07","guid":{"rendered":"https:\/\/girasolmultimedios.com\/portal\/?p=4696"},"modified":"2026-03-17T06:48:09","modified_gmt":"2026-03-17T12:48:09","slug":"aumenta-retorno-de-ninos-migrantes-y-agrava-crisis-social-en-honduras","status":"publish","type":"post","link":"https:\/\/girasolmultimedios.com\/portal\/aumenta-retorno-de-ninos-migrantes-y-agrava-crisis-social-en-honduras\/","title":{"rendered":"Aumenta retorno de ni\u00f1os migrantes y agrava crisis social en Honduras"},"content":{"rendered":"\n<p>La migraci\u00f3n infantil sigue dejando cifras preocupantes en Honduras, evidenciando una realidad cada vez m\u00e1s dif\u00edcil para miles de familias. En los primeros dos meses de 2026, un total de 291 personas fueron retornadas al pa\u00eds, y de ellas, la mayor\u00eda son menores de edad.<\/p>\n\n\n\n<p>Datos oficiales revelan que 190 ni\u00f1os, ni\u00f1as y adolescentes forman parte de estos retornos, incluyendo 52 que viajaban completamente solos, enfrentando m\u00faltiples peligros durante su traves\u00eda. Otros 138 menores regresaron acompa\u00f1ados de familiares.<\/p>\n\n\n\n<p>Las edades reflejan la gravedad del fen\u00f3meno: decenas de ni\u00f1os tienen menos de cinco a\u00f1os, mientras que otros se encuentran en plena etapa escolar o adolescencia, lo que evidencia que la migraci\u00f3n ya no distingue edades.<\/p>\n\n\n\n<p>Estados Unidos contin\u00faa siendo el principal punto de retorno, seguido por M\u00e9xico y Guatemala. La mayor\u00eda de los migrantes lleg\u00f3 al pa\u00eds por v\u00eda a\u00e9rea, mientras que un grupo menor lo hizo por tierra.<\/p>\n\n\n\n<p>Organizaciones defensoras de la ni\u00f1ez advierten que la problem\u00e1tica no es nueva, pero s\u00ed persistente. Desde 2014, m\u00e1s de 129 mil menores hondure\u00f1os han sido deportados, una cifra que refleja la magnitud del problema.<\/p>\n\n\n\n<p>Expertos se\u00f1alan que los ni\u00f1os que viajan sin compa\u00f1\u00eda son los m\u00e1s vulnerables, ya que quedan expuestos a riesgos extremos durante el trayecto, desde violencia hasta trata de personas.<\/p>\n\n\n\n<p>Detr\u00e1s de estas cifras hay una realidad marcada por la pobreza, la inseguridad y la falta de oportunidades, factores que contin\u00faan empujando a familias enteras a abandonar el pa\u00eds en busca de un mejor futuro.<\/p>\n","protected":false},"excerpt":{"rendered":"<p>La migraci\u00f3n infantil sigue dejando cifras preocupantes en Honduras, evidenciando una realidad cada vez m\u00e1s dif\u00edcil para miles de familias. En los primeros dos meses de 2026, un total de 291 personas fueron retornadas al pa\u00eds, y de ellas, la mayor\u00eda son menores de edad. Datos oficiales revelan que 190 ni\u00f1os, ni\u00f1as y adolescentes forman [&hellip;]<\/p>\n","protected":false},"author":2,"featured_media":4697,"comment_status":"closed","ping_status":"open","sticky":false,"template":"","format":"standard","meta":{"_seopress_robots_primary_cat":"","_seopress_titles_title":"","_seopress_titles_desc":"","_seopress_robots_index":"","footnotes":""},"categories":[1],"tags":[],"class_list":["post-4696","post","type-post","status-publish","format-standard","has-post-thumbnail","hentry","category-sin-categoria"],"_links":{"self":[{"href":"https:\/\/girasolmultimedios.com\/portal\/wp-json\/wp\/v2\/posts\/4696","targetHints":{"allow":["GET"]}}],"collection":[{"href":"https:\/\/girasolmultimedios.com\/portal\/wp-json\/wp\/v2\/posts"}],"about":[{"href":"https:\/\/girasolmultimedios.com\/portal\/wp-json\/wp\/v2\/types\/post"}],"author":[{"embeddable":true,"href":"https:\/\/girasolmultimedios.com\/portal\/wp-json\/wp\/v2\/users\/2"}],"replies":[{"embeddable":true,"href":"https:\/\/girasolmultimedios.com\/portal\/wp-json\/wp\/v2\/comments?post=4696"}],"version-history":[{"count":1,"href":"https:\/\/girasolmultimedios.com\/portal\/wp-json\/wp\/v2\/posts\/4696\/revisions"}],"predecessor-version":[{"id":4698,"href":"https:\/\/girasolmultimedios.com\/portal\/wp-json\/wp\/v2\/posts\/4696\/revisions\/4698"}],"wp:featuredmedia":[{"embeddable":true,"href":"https:\/\/girasolmultimedios.com\/portal\/wp-json\/wp\/v2\/media\/4697"}],"wp:attachment":[{"href":"https:\/\/girasolmultimedios.com\/portal\/wp-json\/wp\/v2\/media?parent=4696"}],"wp:term":[{"taxonomy":"category","embeddable":true,"href":"https:\/\/girasolmultimedios.com\/portal\/wp-json\/wp\/v2\/categories?post=4696"},{"taxonomy":"post_tag","embeddable":true,"href":"https:\/\/girasolmultimedios.com\/portal\/wp-json\/wp\/v2\/tags?post=4696"}],"curies":[{"name":"wp","href":"https:\/\/api.w.org\/{rel}","templated":true}]}}