{"id":4708,"date":"2026-03-17T06:55:47","date_gmt":"2026-03-17T12:55:47","guid":{"rendered":"https:\/\/girasolmultimedios.com\/portal\/?p=4708"},"modified":"2026-03-17T06:55:49","modified_gmt":"2026-03-17T12:55:49","slug":"mega-operativo-de-semana-santa-movilizara-a-miles-de-rescatistas-en-todo-el-pais","status":"publish","type":"post","link":"https:\/\/girasolmultimedios.com\/portal\/mega-operativo-de-semana-santa-movilizara-a-miles-de-rescatistas-en-todo-el-pais\/","title":{"rendered":"Mega operativo de Semana Santa movilizar\u00e1 a miles de rescatistas en todo el pa\u00eds"},"content":{"rendered":"\n<p>Honduras se prepara para una de las movilizaciones m\u00e1s grandes del a\u00f1o con el despliegue de m\u00e1s de 35 mil personas encargadas de resguardar la seguridad de los veraneantes durante la Semana Santa 2026.<\/p>\n\n\n\n<p>Como parte de un amplio plan nacional, las autoridades instalar\u00e1n cerca de dos mil puntos de control en todo el territorio, con el objetivo de prevenir accidentes y brindar asistencia a los millones de ciudadanos que se desplazar\u00e1n hacia distintos destinos tur\u00edsticos.<\/p>\n\n\n\n<p>Se estima que entre dos y 2.5 millones de personas viajar\u00e1n durante el feriado, lo que ha llevado a activar un operativo coordinado entre m\u00faltiples instituciones del Estado, cuerpos de socorro y voluntarios.<\/p>\n\n\n\n<p>El dispositivo ser\u00e1 ejecutado a trav\u00e9s de la Comisi\u00f3n Nacional de Prevenci\u00f3n en Movilizaciones Masivas (Conapremm), que contar\u00e1 con el respaldo de alcald\u00edas, iglesias y organizaciones civiles para garantizar una cobertura a nivel nacional.<\/p>\n\n\n\n<p>Las autoridades han dejado claro que la prioridad es evitar p\u00e9rdidas humanas, especialmente en carreteras y centros tur\u00edsticos como playas, r\u00edos y balnearios.<\/p>\n\n\n\n<p>En ese sentido, hicieron un llamado a la poblaci\u00f3n a actuar con responsabilidad, respetar las normas de tr\u00e1nsito y seguir las recomendaciones de los equipos de emergencia.<\/p>\n\n\n\n<p>El plan de seguridad se extender\u00e1 a los 298 municipios del pa\u00eds, donde se brindar\u00e1 vigilancia, atenci\u00f3n m\u00e9dica y apoyo log\u00edstico, en un esfuerzo por lograr una Semana Santa sin tragedias.<\/p>\n","protected":false},"excerpt":{"rendered":"<p>Honduras se prepara para una de las movilizaciones m\u00e1s grandes del a\u00f1o con el despliegue de m\u00e1s de 35 mil personas encargadas de resguardar la seguridad de los veraneantes durante la Semana Santa 2026. Como parte de un amplio plan nacional, las autoridades instalar\u00e1n cerca de dos mil puntos de control en todo el territorio, [&hellip;]<\/p>\n","protected":false},"author":2,"featured_media":4709,"comment_status":"closed","ping_status":"open","sticky":false,"template":"","format":"standard","meta":{"_seopress_robots_primary_cat":"","_seopress_titles_title":"","_seopress_titles_desc":"","_seopress_robots_index":"","footnotes":""},"categories":[1],"tags":[],"class_list":["post-4708","post","type-post","status-publish","format-standard","has-post-thumbnail","hentry","category-sin-categoria"],"_links":{"self":[{"href":"https:\/\/girasolmultimedios.com\/portal\/wp-json\/wp\/v2\/posts\/4708","targetHints":{"allow":["GET"]}}],"collection":[{"href":"https:\/\/girasolmultimedios.com\/portal\/wp-json\/wp\/v2\/posts"}],"about":[{"href":"https:\/\/girasolmultimedios.com\/portal\/wp-json\/wp\/v2\/types\/post"}],"author":[{"embeddable":true,"href":"https:\/\/girasolmultimedios.com\/portal\/wp-json\/wp\/v2\/users\/2"}],"replies":[{"embeddable":true,"href":"https:\/\/girasolmultimedios.com\/portal\/wp-json\/wp\/v2\/comments?post=4708"}],"version-history":[{"count":1,"href":"https:\/\/girasolmultimedios.com\/portal\/wp-json\/wp\/v2\/posts\/4708\/revisions"}],"predecessor-version":[{"id":4710,"href":"https:\/\/girasolmultimedios.com\/portal\/wp-json\/wp\/v2\/posts\/4708\/revisions\/4710"}],"wp:featuredmedia":[{"embeddable":true,"href":"https:\/\/girasolmultimedios.com\/portal\/wp-json\/wp\/v2\/media\/4709"}],"wp:attachment":[{"href":"https:\/\/girasolmultimedios.com\/portal\/wp-json\/wp\/v2\/media?parent=4708"}],"wp:term":[{"taxonomy":"category","embeddable":true,"href":"https:\/\/girasolmultimedios.com\/portal\/wp-json\/wp\/v2\/categories?post=4708"},{"taxonomy":"post_tag","embeddable":true,"href":"https:\/\/girasolmultimedios.com\/portal\/wp-json\/wp\/v2\/tags?post=4708"}],"curies":[{"name":"wp","href":"https:\/\/api.w.org\/{rel}","templated":true}]}}