{"id":4714,"date":"2026-03-17T07:01:02","date_gmt":"2026-03-17T13:01:02","guid":{"rendered":"https:\/\/girasolmultimedios.com\/portal\/?p=4714"},"modified":"2026-03-17T07:01:04","modified_gmt":"2026-03-17T13:01:04","slug":"crisis-electoral-en-guanaja-partido-liberal-exige-orden-y-nueva-votacion","status":"publish","type":"post","link":"https:\/\/girasolmultimedios.com\/portal\/crisis-electoral-en-guanaja-partido-liberal-exige-orden-y-nueva-votacion\/","title":{"rendered":"Crisis electoral en Guanaja: partido liberal exige orden y nueva votaci\u00f3n"},"content":{"rendered":"\n<p>La situaci\u00f3n en Guanaja se mantiene tensa tras los incidentes violentos ocurridos durante el proceso electoral del pasado domingo, seg\u00fan denunci\u00f3 el presidente del Consejo Central Ejecutivo del Partido Liberal, Roberto Contreras.<\/p>\n\n\n\n<p>Contreras responsabiliz\u00f3 al alcalde de la isla por los disturbios, se\u00f1alando que su negativa a permitir la repetici\u00f3n de elecciones, luego del empate registrado el 30 de noviembre, ha generado un clima de confrontaci\u00f3n entre la poblaci\u00f3n local. Guanaja cuenta con apenas 3,000 votantes, pero la falta de acuerdo pol\u00edtico ha bloqueado la normalizaci\u00f3n del proceso.<\/p>\n\n\n\n<p>Ante esta situaci\u00f3n, el l\u00edder liberal anunci\u00f3 que enviar\u00e1 una carta al presidente del Partido Nacional, Nasry Asfura, solicitando su mediaci\u00f3n para garantizar el orden y evitar nuevos conflictos. Adem\u00e1s, plante\u00f3 la posibilidad de militarizar temporalmente la isla para asegurar que la repetici\u00f3n de las elecciones se lleve a cabo sin interferencias externas.<\/p>\n\n\n\n<p>Contreras tambi\u00e9n inform\u00f3 que buscar\u00e1 coordinaci\u00f3n con el presidente del Congreso Nacional, Tom\u00e1s Zambrano, para que ambas fuerzas pol\u00edticas colaboren en la supervisi\u00f3n del proceso y se respete la gobernabilidad en Guanaja.<\/p>\n\n\n\n<p>El Partido Liberal insiste en que las elecciones deben repetirse cuanto antes y que se evite la intervenci\u00f3n de personas ajenas a la comunidad insular, mientras los ojos del pa\u00eds permanecen sobre la isla y el desarrollo del proceso democr\u00e1tico.<\/p>\n","protected":false},"excerpt":{"rendered":"<p>La situaci\u00f3n en Guanaja se mantiene tensa tras los incidentes violentos ocurridos durante el proceso electoral del pasado domingo, seg\u00fan denunci\u00f3 el presidente del Consejo Central Ejecutivo del Partido Liberal, Roberto Contreras. Contreras responsabiliz\u00f3 al alcalde de la isla por los disturbios, se\u00f1alando que su negativa a permitir la repetici\u00f3n de elecciones, luego del empate [&hellip;]<\/p>\n","protected":false},"author":2,"featured_media":4715,"comment_status":"closed","ping_status":"open","sticky":false,"template":"","format":"standard","meta":{"_seopress_robots_primary_cat":"","_seopress_titles_title":"","_seopress_titles_desc":"","_seopress_robots_index":"","footnotes":""},"categories":[1],"tags":[],"class_list":["post-4714","post","type-post","status-publish","format-standard","has-post-thumbnail","hentry","category-sin-categoria"],"_links":{"self":[{"href":"https:\/\/girasolmultimedios.com\/portal\/wp-json\/wp\/v2\/posts\/4714","targetHints":{"allow":["GET"]}}],"collection":[{"href":"https:\/\/girasolmultimedios.com\/portal\/wp-json\/wp\/v2\/posts"}],"about":[{"href":"https:\/\/girasolmultimedios.com\/portal\/wp-json\/wp\/v2\/types\/post"}],"author":[{"embeddable":true,"href":"https:\/\/girasolmultimedios.com\/portal\/wp-json\/wp\/v2\/users\/2"}],"replies":[{"embeddable":true,"href":"https:\/\/girasolmultimedios.com\/portal\/wp-json\/wp\/v2\/comments?post=4714"}],"version-history":[{"count":1,"href":"https:\/\/girasolmultimedios.com\/portal\/wp-json\/wp\/v2\/posts\/4714\/revisions"}],"predecessor-version":[{"id":4716,"href":"https:\/\/girasolmultimedios.com\/portal\/wp-json\/wp\/v2\/posts\/4714\/revisions\/4716"}],"wp:featuredmedia":[{"embeddable":true,"href":"https:\/\/girasolmultimedios.com\/portal\/wp-json\/wp\/v2\/media\/4715"}],"wp:attachment":[{"href":"https:\/\/girasolmultimedios.com\/portal\/wp-json\/wp\/v2\/media?parent=4714"}],"wp:term":[{"taxonomy":"category","embeddable":true,"href":"https:\/\/girasolmultimedios.com\/portal\/wp-json\/wp\/v2\/categories?post=4714"},{"taxonomy":"post_tag","embeddable":true,"href":"https:\/\/girasolmultimedios.com\/portal\/wp-json\/wp\/v2\/tags?post=4714"}],"curies":[{"name":"wp","href":"https:\/\/api.w.org\/{rel}","templated":true}]}}