{"id":4720,"date":"2026-03-18T06:53:01","date_gmt":"2026-03-18T12:53:01","guid":{"rendered":"https:\/\/girasolmultimedios.com\/portal\/?p=4720"},"modified":"2026-03-18T06:53:03","modified_gmt":"2026-03-18T12:53:03","slug":"ataques-de-estados-unidos-e-israel-impactan-refineria-de-gas-en-el-sur-de-iran","status":"publish","type":"post","link":"https:\/\/girasolmultimedios.com\/portal\/ataques-de-estados-unidos-e-israel-impactan-refineria-de-gas-en-el-sur-de-iran\/","title":{"rendered":"Ataques de Estados Unidos e Israel impactan refiner\u00eda de gas en el sur de Ir\u00e1n"},"content":{"rendered":"\n<p>Un ataque conjunto atribuido a Estados Unidos y Israel impact\u00f3 este mi\u00e9rcoles instalaciones de gas ubicadas en el sur de Ir\u00e1n, espec\u00edficamente en la Zona Econ\u00f3mica Especial de Energ\u00eda de Pars Sur, en la localidad costera de Asalouye, seg\u00fan report\u00f3 la agencia iran\u00ed Tasnim.<\/p>\n\n\n\n<p>De acuerdo con la informaci\u00f3n difundida, el proyectil alcanz\u00f3 parte de la infraestructura energ\u00e9tica, lo que provoc\u00f3 un incendio en el \u00e1rea. Equipos de emergencia y bomberos se desplazaron de inmediato para controlar las llamas, inform\u00f3 un funcionario de seguridad de la provincia de Bushehr, sin que se revelara su identidad.<\/p>\n\n\n\n<p>Las autoridades hicieron un llamado a la poblaci\u00f3n para que evite acercarse al lugar del incidente y mantenga la calma mientras contin\u00faan las labores de respuesta.<\/p>\n\n\n\n<p>Este hecho ocurre luego de que el Ej\u00e9rcito israel\u00ed confirmara recientemente una nueva serie de bombardeos contra objetivos en territorio iran\u00ed, tras detectar el lanzamiento de misiles desde Ir\u00e1n hacia suelo israel\u00ed.<\/p>\n\n\n\n<p>Cabe recordar que el pasado 14 de marzo, fuerzas estadounidenses atacaron la isla iran\u00ed de Jarg, considerada un punto clave para la industria petrolera del pa\u00eds. Tras ese hecho, Ir\u00e1n advirti\u00f3 que responder\u00eda con acciones dirigidas a infraestructuras energ\u00e9ticas y econ\u00f3micas vinculadas a Estados Unidos en Oriente Medio si se repet\u00edan agresiones similares.<\/p>\n\n\n\n<p>Posteriormente, el presidente Donald Trump asegur\u00f3 que ese operativo fue uno de los m\u00e1s contundentes en la regi\u00f3n, afirmando que todos los objetivos militares en la zona fueron completamente destruidos.<\/p>\n","protected":false},"excerpt":{"rendered":"<p>Un ataque conjunto atribuido a Estados Unidos y Israel impact\u00f3 este mi\u00e9rcoles instalaciones de gas ubicadas en el sur de Ir\u00e1n, espec\u00edficamente en la Zona Econ\u00f3mica Especial de Energ\u00eda de Pars Sur, en la localidad costera de Asalouye, seg\u00fan report\u00f3 la agencia iran\u00ed Tasnim. De acuerdo con la informaci\u00f3n difundida, el proyectil alcanz\u00f3 parte de [&hellip;]<\/p>\n","protected":false},"author":2,"featured_media":4721,"comment_status":"closed","ping_status":"open","sticky":false,"template":"","format":"standard","meta":{"_seopress_robots_primary_cat":"","_seopress_titles_title":"","_seopress_titles_desc":"","_seopress_robots_index":"","footnotes":""},"categories":[1],"tags":[],"class_list":["post-4720","post","type-post","status-publish","format-standard","has-post-thumbnail","hentry","category-sin-categoria"],"_links":{"self":[{"href":"https:\/\/girasolmultimedios.com\/portal\/wp-json\/wp\/v2\/posts\/4720","targetHints":{"allow":["GET"]}}],"collection":[{"href":"https:\/\/girasolmultimedios.com\/portal\/wp-json\/wp\/v2\/posts"}],"about":[{"href":"https:\/\/girasolmultimedios.com\/portal\/wp-json\/wp\/v2\/types\/post"}],"author":[{"embeddable":true,"href":"https:\/\/girasolmultimedios.com\/portal\/wp-json\/wp\/v2\/users\/2"}],"replies":[{"embeddable":true,"href":"https:\/\/girasolmultimedios.com\/portal\/wp-json\/wp\/v2\/comments?post=4720"}],"version-history":[{"count":1,"href":"https:\/\/girasolmultimedios.com\/portal\/wp-json\/wp\/v2\/posts\/4720\/revisions"}],"predecessor-version":[{"id":4722,"href":"https:\/\/girasolmultimedios.com\/portal\/wp-json\/wp\/v2\/posts\/4720\/revisions\/4722"}],"wp:featuredmedia":[{"embeddable":true,"href":"https:\/\/girasolmultimedios.com\/portal\/wp-json\/wp\/v2\/media\/4721"}],"wp:attachment":[{"href":"https:\/\/girasolmultimedios.com\/portal\/wp-json\/wp\/v2\/media?parent=4720"}],"wp:term":[{"taxonomy":"category","embeddable":true,"href":"https:\/\/girasolmultimedios.com\/portal\/wp-json\/wp\/v2\/categories?post=4720"},{"taxonomy":"post_tag","embeddable":true,"href":"https:\/\/girasolmultimedios.com\/portal\/wp-json\/wp\/v2\/tags?post=4720"}],"curies":[{"name":"wp","href":"https:\/\/api.w.org\/{rel}","templated":true}]}}