{"id":4729,"date":"2026-03-18T07:00:25","date_gmt":"2026-03-18T13:00:25","guid":{"rendered":"https:\/\/girasolmultimedios.com\/portal\/?p=4729"},"modified":"2026-03-18T07:00:27","modified_gmt":"2026-03-18T13:00:27","slug":"dolor-y-despedida-comunidad-de-santa-rosa-de-copan-llora-a-madre-e-hijo-fallecidos-en-accidente","status":"publish","type":"post","link":"https:\/\/girasolmultimedios.com\/portal\/dolor-y-despedida-comunidad-de-santa-rosa-de-copan-llora-a-madre-e-hijo-fallecidos-en-accidente\/","title":{"rendered":"Dolor y despedida: comunidad de Santa Rosa de Cop\u00e1n llora a madre e hijo fallecidos en accidente"},"content":{"rendered":"\n<p>Santa Rosa de Cop\u00e1n vivi\u00f3 momentos de profundo dolor durante el sepelio de Hilda Esther Guti\u00e9rrez V\u00e1zquez y su peque\u00f1o hijo Kiefer Leandro Pineda Guti\u00e9rrez, quienes perdieron la vida en un tr\u00e1gico accidente ocurrido en Potrerillos, Cort\u00e9s.<\/p>\n\n\n\n<p>La despedida estuvo marcada por una emotiva caravana f\u00fanebre que recorri\u00f3 las calles de la ciudad, acompa\u00f1ada por m\u00fasicos que interpretaron piezas solemnes en honor a los fallecidos.<\/p>\n\n\n\n<p>El accidente ocurri\u00f3 el domingo, cuando Hilda Esther viajaba en un autob\u00fas junto a sus dos hijos para celebrar el cumplea\u00f1os del mayor en la playa. La noticia de la tragedia conmocion\u00f3 a familiares, vecinos y amigos, quienes se unieron en un acto de respeto y solidaridad.<\/p>\n\n\n\n<p>Los cuerpos fueron velados en compa\u00f1\u00eda de familiares, amigos y vecinos, quienes recordaron a Hilda Esther como una mujer trabajadora, alegre y comprometida con su familia y la comunidad. Su ejemplo de dedicaci\u00f3n y esfuerzo deja una huella imborrable en quienes la conocieron.<\/p>\n\n\n\n<p>Por su parte, Kiefer Leandro, de apenas seis a\u00f1os, fue descrito como un ni\u00f1o lleno de inocencia, entusiasmo y alegr\u00eda, cualidades que marcaron a todos los que tuvieron la dicha de compartir con \u00e9l.<\/p>\n\n\n\n<p>La caravana que acompa\u00f1\u00f3 el traslado al camposanto reflej\u00f3 la uni\u00f3n de la comunidad, mientras los m\u00fasicos interpretaban la marcha f\u00fanebre. Durante la ceremonia, se resalt\u00f3 la importancia de mantener viva la memoria de madre e hijo como un recordatorio de la fragilidad de la vida y del valor de la convivencia familiar.<\/p>\n\n\n\n<p>La emotiva despedida se convirti\u00f3 en un homenaje a la vida de Hilda y Kiefer, cuyo legado permanecer\u00e1 en el coraz\u00f3n de la comunidad, mostrando que, incluso en medio del dolor, la solidaridad y el cari\u00f1o colectivo son un b\u00e1lsamo para quienes enfrentan la p\u00e9rdida.<\/p>\n","protected":false},"excerpt":{"rendered":"<p>Santa Rosa de Cop\u00e1n vivi\u00f3 momentos de profundo dolor durante el sepelio de Hilda Esther Guti\u00e9rrez V\u00e1zquez y su peque\u00f1o hijo Kiefer Leandro Pineda Guti\u00e9rrez, quienes perdieron la vida en un tr\u00e1gico accidente ocurrido en Potrerillos, Cort\u00e9s. La despedida estuvo marcada por una emotiva caravana f\u00fanebre que recorri\u00f3 las calles de la ciudad, acompa\u00f1ada por [&hellip;]<\/p>\n","protected":false},"author":2,"featured_media":4730,"comment_status":"closed","ping_status":"open","sticky":false,"template":"","format":"standard","meta":{"_seopress_robots_primary_cat":"","_seopress_titles_title":"","_seopress_titles_desc":"","_seopress_robots_index":"","footnotes":""},"categories":[1],"tags":[],"class_list":["post-4729","post","type-post","status-publish","format-standard","has-post-thumbnail","hentry","category-sin-categoria"],"_links":{"self":[{"href":"https:\/\/girasolmultimedios.com\/portal\/wp-json\/wp\/v2\/posts\/4729","targetHints":{"allow":["GET"]}}],"collection":[{"href":"https:\/\/girasolmultimedios.com\/portal\/wp-json\/wp\/v2\/posts"}],"about":[{"href":"https:\/\/girasolmultimedios.com\/portal\/wp-json\/wp\/v2\/types\/post"}],"author":[{"embeddable":true,"href":"https:\/\/girasolmultimedios.com\/portal\/wp-json\/wp\/v2\/users\/2"}],"replies":[{"embeddable":true,"href":"https:\/\/girasolmultimedios.com\/portal\/wp-json\/wp\/v2\/comments?post=4729"}],"version-history":[{"count":1,"href":"https:\/\/girasolmultimedios.com\/portal\/wp-json\/wp\/v2\/posts\/4729\/revisions"}],"predecessor-version":[{"id":4731,"href":"https:\/\/girasolmultimedios.com\/portal\/wp-json\/wp\/v2\/posts\/4729\/revisions\/4731"}],"wp:featuredmedia":[{"embeddable":true,"href":"https:\/\/girasolmultimedios.com\/portal\/wp-json\/wp\/v2\/media\/4730"}],"wp:attachment":[{"href":"https:\/\/girasolmultimedios.com\/portal\/wp-json\/wp\/v2\/media?parent=4729"}],"wp:term":[{"taxonomy":"category","embeddable":true,"href":"https:\/\/girasolmultimedios.com\/portal\/wp-json\/wp\/v2\/categories?post=4729"},{"taxonomy":"post_tag","embeddable":true,"href":"https:\/\/girasolmultimedios.com\/portal\/wp-json\/wp\/v2\/tags?post=4729"}],"curies":[{"name":"wp","href":"https:\/\/api.w.org\/{rel}","templated":true}]}}