{"id":4735,"date":"2026-03-18T07:06:35","date_gmt":"2026-03-18T13:06:35","guid":{"rendered":"https:\/\/girasolmultimedios.com\/portal\/?p=4735"},"modified":"2026-03-18T07:06:36","modified_gmt":"2026-03-18T13:06:36","slug":"pma-implementa-medidas-anticipadas-ante-riesgo-de-sequias-en-centroamerica","status":"publish","type":"post","link":"https:\/\/girasolmultimedios.com\/portal\/pma-implementa-medidas-anticipadas-ante-riesgo-de-sequias-en-centroamerica\/","title":{"rendered":"PMA implementa medidas anticipadas ante riesgo de sequ\u00edas en Centroam\u00e9rica"},"content":{"rendered":"\n<p>El Programa Mundial de Alimentos anunci\u00f3 este martes que, ante el pron\u00f3stico de sequ\u00edas y un posible episodio de El Ni\u00f1o en el Corredor Seco centroamericano, ha activado un plan de medidas anticipatorias para proteger a las familias m\u00e1s vulnerables antes de que se presenten riesgos graves de desastre.<\/p>\n\n\n\n<p>Estas acciones, con un valor total de 3,8 millones de d\u00f3lares, se implementar\u00e1n en Honduras, Guatemala y El Salvador, y consisten en mensajes con orientaciones pr\u00e1cticas, transferencias monetarias, distribuci\u00f3n de granos b\u00e1sicos y monitoreo constante de las condiciones meteorol\u00f3gicas. Seg\u00fan el PMA, m\u00e1s de 75.000 personas podr\u00e1n beneficiarse de estas medidas antes de que los efectos de la escasez de agua se hagan sentir.<\/p>\n\n\n\n<p>Hist\u00f3ricamente, episodios de El Ni\u00f1o, como los registrados en 2015-2016 y 2023, han provocado sequ\u00edas prolongadas en la regi\u00f3n, afectando seriamente la seguridad alimentaria. El PMA advierte que, de mantenerse las condiciones actuales, la sequ\u00eda podr\u00eda impactar la primera temporada agr\u00edcola, y una falta de lluvias en mayo \u2014el principal per\u00edodo de siembra de ma\u00edz, fr\u00edjol y arroz\u2014 aumentar\u00eda los precios de los alimentos, dejando a muchas familias de agricultura de subsistencia sin reservas suficientes.<\/p>\n\n\n\n<p>El Corredor Seco, que se extiende por unos 150.000 kil\u00f3metros desde Centroam\u00e9rica hasta el sur de M\u00e9xico, alberga a cerca de 20 millones de personas dependientes de la agricultura. Estudios de World Vision indican que esta \u00e1rea ser\u00eda la m\u00e1s vulnerable al cambio clim\u00e1tico en la regi\u00f3n, con un 73 % de la poblaci\u00f3n viviendo en extrema pobreza y muchos obligados a migrar.<\/p>\n\n\n\n<p>En total, m\u00e1s de nueve millones de personas en Am\u00e9rica Central enfrentan inseguridad alimentaria, muchas de ellas en el Corredor Seco. La directora regional del PMA para Am\u00e9rica Latina y el Caribe, Lena Savelli, se\u00f1al\u00f3 que en esta zona, donde la agricultura de subsistencia sustenta a cientos de miles de familias, \u00abla sequ\u00eda puede arrasar con a\u00f1os de esfuerzo en cuesti\u00f3n de semanas\u00bb y que \u00abprepararse con acciones anticipatorias es proteger la dignidad y el futuro de quienes dependen de la tierra\u00bb.<\/p>\n","protected":false},"excerpt":{"rendered":"<p>El Programa Mundial de Alimentos anunci\u00f3 este martes que, ante el pron\u00f3stico de sequ\u00edas y un posible episodio de El Ni\u00f1o en el Corredor Seco centroamericano, ha activado un plan de medidas anticipatorias para proteger a las familias m\u00e1s vulnerables antes de que se presenten riesgos graves de desastre. Estas acciones, con un valor total [&hellip;]<\/p>\n","protected":false},"author":2,"featured_media":4736,"comment_status":"closed","ping_status":"open","sticky":false,"template":"","format":"standard","meta":{"_seopress_robots_primary_cat":"","_seopress_titles_title":"","_seopress_titles_desc":"","_seopress_robots_index":"","footnotes":""},"categories":[1],"tags":[],"class_list":["post-4735","post","type-post","status-publish","format-standard","has-post-thumbnail","hentry","category-sin-categoria"],"_links":{"self":[{"href":"https:\/\/girasolmultimedios.com\/portal\/wp-json\/wp\/v2\/posts\/4735","targetHints":{"allow":["GET"]}}],"collection":[{"href":"https:\/\/girasolmultimedios.com\/portal\/wp-json\/wp\/v2\/posts"}],"about":[{"href":"https:\/\/girasolmultimedios.com\/portal\/wp-json\/wp\/v2\/types\/post"}],"author":[{"embeddable":true,"href":"https:\/\/girasolmultimedios.com\/portal\/wp-json\/wp\/v2\/users\/2"}],"replies":[{"embeddable":true,"href":"https:\/\/girasolmultimedios.com\/portal\/wp-json\/wp\/v2\/comments?post=4735"}],"version-history":[{"count":1,"href":"https:\/\/girasolmultimedios.com\/portal\/wp-json\/wp\/v2\/posts\/4735\/revisions"}],"predecessor-version":[{"id":4737,"href":"https:\/\/girasolmultimedios.com\/portal\/wp-json\/wp\/v2\/posts\/4735\/revisions\/4737"}],"wp:featuredmedia":[{"embeddable":true,"href":"https:\/\/girasolmultimedios.com\/portal\/wp-json\/wp\/v2\/media\/4736"}],"wp:attachment":[{"href":"https:\/\/girasolmultimedios.com\/portal\/wp-json\/wp\/v2\/media?parent=4735"}],"wp:term":[{"taxonomy":"category","embeddable":true,"href":"https:\/\/girasolmultimedios.com\/portal\/wp-json\/wp\/v2\/categories?post=4735"},{"taxonomy":"post_tag","embeddable":true,"href":"https:\/\/girasolmultimedios.com\/portal\/wp-json\/wp\/v2\/tags?post=4735"}],"curies":[{"name":"wp","href":"https:\/\/api.w.org\/{rel}","templated":true}]}}