{"id":4744,"date":"2026-03-18T07:20:06","date_gmt":"2026-03-18T13:20:06","guid":{"rendered":"https:\/\/girasolmultimedios.com\/portal\/?p=4744"},"modified":"2026-03-18T07:20:08","modified_gmt":"2026-03-18T13:20:08","slug":"violencia-y-tragedia-en-choluteca-tres-personas-fallecen-incluido-un-joven-dentro-de-su-vehiculo","status":"publish","type":"post","link":"https:\/\/girasolmultimedios.com\/portal\/violencia-y-tragedia-en-choluteca-tres-personas-fallecen-incluido-un-joven-dentro-de-su-vehiculo\/","title":{"rendered":"Violencia y tragedia en Choluteca: tres personas fallecen, incluido un joven dentro de su veh\u00edculo"},"content":{"rendered":"\n<p>Tres muertes, dos de forma violenta y una accidental, se registraron ayer en distintas zonas del municipio de Choluteca, dejando consternada a la comunidad.<\/p>\n\n\n\n<p>Uno de los fallecidos fue Elder La\u00ednez, quien recibi\u00f3 varios impactos de bala mientras conduc\u00eda un camioncito en la carretera hacia la comunidad de Tapaire. Su cuerpo permaneci\u00f3 dentro del veh\u00edculo hasta que los familiares lo trasladaron a la comunidad de Nuevos Colorados, donde resid\u00eda. La Polic\u00eda inici\u00f3 las investigaciones correspondientes para esclarecer el hecho.<\/p>\n\n\n\n<p>En otro incidente, Juan Carlos Flores, de 38 a\u00f1os, perdi\u00f3 la vida en un accidente de motocicleta en la carretera hacia Guasaule. Su cuerpo fue hallado entre matorrales, a varios metros de distancia de la motocicleta. Flores era originario de la comunidad de Tierra Blanca, Namasig\u00fce.<\/p>\n\n\n\n<p>Por \u00faltimo, se report\u00f3 la muerte por ahogamiento de una ni\u00f1a de 16 meses en el barrio Brisas del R\u00edo. La menor fue encontrada dentro de una refrigeradora en desuso, utilizada para almacenar agua, a nivel del suelo. La infante cumplir\u00eda dos a\u00f1os en noviembre de este a\u00f1o.<\/p>\n\n\n\n<p>En ambos hechos violentos, los familiares se opusieron a que las autoridades forenses trasladaran los cuerpos al Departamento de Medicina Legal en Tegucigalpa, manteniendo la recuperaci\u00f3n directa por parte de los dolientes.<\/p>\n","protected":false},"excerpt":{"rendered":"<p>Tres muertes, dos de forma violenta y una accidental, se registraron ayer en distintas zonas del municipio de Choluteca, dejando consternada a la comunidad. Uno de los fallecidos fue Elder La\u00ednez, quien recibi\u00f3 varios impactos de bala mientras conduc\u00eda un camioncito en la carretera hacia la comunidad de Tapaire. Su cuerpo permaneci\u00f3 dentro del veh\u00edculo [&hellip;]<\/p>\n","protected":false},"author":2,"featured_media":4745,"comment_status":"closed","ping_status":"open","sticky":false,"template":"","format":"standard","meta":{"_seopress_robots_primary_cat":"","_seopress_titles_title":"","_seopress_titles_desc":"","_seopress_robots_index":"","footnotes":""},"categories":[1],"tags":[],"class_list":["post-4744","post","type-post","status-publish","format-standard","has-post-thumbnail","hentry","category-sin-categoria"],"_links":{"self":[{"href":"https:\/\/girasolmultimedios.com\/portal\/wp-json\/wp\/v2\/posts\/4744","targetHints":{"allow":["GET"]}}],"collection":[{"href":"https:\/\/girasolmultimedios.com\/portal\/wp-json\/wp\/v2\/posts"}],"about":[{"href":"https:\/\/girasolmultimedios.com\/portal\/wp-json\/wp\/v2\/types\/post"}],"author":[{"embeddable":true,"href":"https:\/\/girasolmultimedios.com\/portal\/wp-json\/wp\/v2\/users\/2"}],"replies":[{"embeddable":true,"href":"https:\/\/girasolmultimedios.com\/portal\/wp-json\/wp\/v2\/comments?post=4744"}],"version-history":[{"count":1,"href":"https:\/\/girasolmultimedios.com\/portal\/wp-json\/wp\/v2\/posts\/4744\/revisions"}],"predecessor-version":[{"id":4746,"href":"https:\/\/girasolmultimedios.com\/portal\/wp-json\/wp\/v2\/posts\/4744\/revisions\/4746"}],"wp:featuredmedia":[{"embeddable":true,"href":"https:\/\/girasolmultimedios.com\/portal\/wp-json\/wp\/v2\/media\/4745"}],"wp:attachment":[{"href":"https:\/\/girasolmultimedios.com\/portal\/wp-json\/wp\/v2\/media?parent=4744"}],"wp:term":[{"taxonomy":"category","embeddable":true,"href":"https:\/\/girasolmultimedios.com\/portal\/wp-json\/wp\/v2\/categories?post=4744"},{"taxonomy":"post_tag","embeddable":true,"href":"https:\/\/girasolmultimedios.com\/portal\/wp-json\/wp\/v2\/tags?post=4744"}],"curies":[{"name":"wp","href":"https:\/\/api.w.org\/{rel}","templated":true}]}}