{"id":4780,"date":"2026-03-19T07:09:28","date_gmt":"2026-03-19T13:09:28","guid":{"rendered":"https:\/\/girasolmultimedios.com\/portal\/?p=4780"},"modified":"2026-03-19T07:09:30","modified_gmt":"2026-03-19T13:09:30","slug":"la-ceiba-refuerza-orden-urbano-retirando-rotulos-ilegales-y-reduciendo-contaminacion-visual","status":"publish","type":"post","link":"https:\/\/girasolmultimedios.com\/portal\/la-ceiba-refuerza-orden-urbano-retirando-rotulos-ilegales-y-reduciendo-contaminacion-visual\/","title":{"rendered":"La Ceiba refuerza orden urbano retirando r\u00f3tulos ilegales y reduciendo contaminaci\u00f3n visual"},"content":{"rendered":"\n<p>La Municipalidad de La Ceiba llev\u00f3 a cabo este mi\u00e9rcoles operativos en diversos sectores de la ciudad para retirar r\u00f3tulos y anuncios instalados sin autorizaci\u00f3n, los cuales generaban contaminaci\u00f3n visual y afectaban la est\u00e9tica urbana.<\/p>\n\n\n\n<p>Estas acciones fueron ejecutadas por el personal de la Gerencia de Planeamiento Urbano, como parte de un plan integral de ordenamiento del espacio p\u00fablico y cumplimiento de las normativas municipales. Los r\u00f3tulos retirados, muchos de ellos colocados por pol\u00edticos y comercios sin los permisos correspondientes, fueron trasladados a un botadero para su destrucci\u00f3n.<\/p>\n\n\n\n<p>El alcalde Bader Dip destac\u00f3 que estas medidas buscan no solo embellecer la ciudad, sino tambi\u00e9n garantizar un entorno m\u00e1s seguro, ya que la proliferaci\u00f3n de anuncios desordenados puede distraer a peatones y conductores, aumentando riesgos en las v\u00edas.<\/p>\n\n\n\n<p>Las autoridades aprovecharon para exhortar a comerciantes y empresarios a regularizar sus anuncios y cumplir con los requisitos legales, evitando sanciones y posibles retiros forzosos.<\/p>\n\n\n\n<p>Adem\u00e1s, estas acciones forman parte de un plan m\u00e1s amplio de ordenamiento urbano, que incluye supervisi\u00f3n de construcciones, control de espacios p\u00fablicos y promoci\u00f3n de una ciudad m\u00e1s limpia, segura y organizada, reafirmando el compromiso del gobierno municipal de mejorar la calidad de vida y la imagen de La Ceiba.<\/p>\n","protected":false},"excerpt":{"rendered":"<p>La Municipalidad de La Ceiba llev\u00f3 a cabo este mi\u00e9rcoles operativos en diversos sectores de la ciudad para retirar r\u00f3tulos y anuncios instalados sin autorizaci\u00f3n, los cuales generaban contaminaci\u00f3n visual y afectaban la est\u00e9tica urbana. Estas acciones fueron ejecutadas por el personal de la Gerencia de Planeamiento Urbano, como parte de un plan integral de [&hellip;]<\/p>\n","protected":false},"author":2,"featured_media":4781,"comment_status":"closed","ping_status":"open","sticky":false,"template":"","format":"standard","meta":{"_seopress_robots_primary_cat":"","_seopress_titles_title":"","_seopress_titles_desc":"","_seopress_robots_index":"","footnotes":""},"categories":[1],"tags":[],"class_list":["post-4780","post","type-post","status-publish","format-standard","has-post-thumbnail","hentry","category-sin-categoria"],"_links":{"self":[{"href":"https:\/\/girasolmultimedios.com\/portal\/wp-json\/wp\/v2\/posts\/4780","targetHints":{"allow":["GET"]}}],"collection":[{"href":"https:\/\/girasolmultimedios.com\/portal\/wp-json\/wp\/v2\/posts"}],"about":[{"href":"https:\/\/girasolmultimedios.com\/portal\/wp-json\/wp\/v2\/types\/post"}],"author":[{"embeddable":true,"href":"https:\/\/girasolmultimedios.com\/portal\/wp-json\/wp\/v2\/users\/2"}],"replies":[{"embeddable":true,"href":"https:\/\/girasolmultimedios.com\/portal\/wp-json\/wp\/v2\/comments?post=4780"}],"version-history":[{"count":1,"href":"https:\/\/girasolmultimedios.com\/portal\/wp-json\/wp\/v2\/posts\/4780\/revisions"}],"predecessor-version":[{"id":4782,"href":"https:\/\/girasolmultimedios.com\/portal\/wp-json\/wp\/v2\/posts\/4780\/revisions\/4782"}],"wp:featuredmedia":[{"embeddable":true,"href":"https:\/\/girasolmultimedios.com\/portal\/wp-json\/wp\/v2\/media\/4781"}],"wp:attachment":[{"href":"https:\/\/girasolmultimedios.com\/portal\/wp-json\/wp\/v2\/media?parent=4780"}],"wp:term":[{"taxonomy":"category","embeddable":true,"href":"https:\/\/girasolmultimedios.com\/portal\/wp-json\/wp\/v2\/categories?post=4780"},{"taxonomy":"post_tag","embeddable":true,"href":"https:\/\/girasolmultimedios.com\/portal\/wp-json\/wp\/v2\/tags?post=4780"}],"curies":[{"name":"wp","href":"https:\/\/api.w.org\/{rel}","templated":true}]}}