{"id":4783,"date":"2026-03-19T07:11:49","date_gmt":"2026-03-19T13:11:49","guid":{"rendered":"https:\/\/girasolmultimedios.com\/portal\/?p=4783"},"modified":"2026-03-19T07:11:51","modified_gmt":"2026-03-19T13:11:51","slug":"bcv-participa-activamente-en-foro-regional-sobre-energia-en-el-triangulo-norte","status":"publish","type":"post","link":"https:\/\/girasolmultimedios.com\/portal\/bcv-participa-activamente-en-foro-regional-sobre-energia-en-el-triangulo-norte\/","title":{"rendered":"BCV participa activamente en foro regional sobre energ\u00eda en el Tri\u00e1ngulo Norte"},"content":{"rendered":"\n<p>La Bolsa Centroamericana de Valores (BCV) estuvo presente en el Foro de Integraci\u00f3n Energ\u00e9tica del Tri\u00e1ngulo Norte, organizado por ThinkHUGE, un encuentro que reuni\u00f3 a los principales actores del sector energ\u00e9tico y financiero de Centroam\u00e9rica.<\/p>\n\n\n\n<p>Entre los participantes se encontraban autoridades gubernamentales, el presidente de la Rep\u00fablica, Nasry Juan Asfura, organismos multilaterales y empresarios de la regi\u00f3n. Durante el evento se discutieron temas estrat\u00e9gicos como modernizaci\u00f3n de sistemas energ\u00e9ticos, estabilidad regulatoria y financiamiento de proyectos clave.<\/p>\n\n\n\n<p>Paneles internacionales contaron con la presencia de representantes del Banco Interamericano de Desarrollo (BID), la Corporaci\u00f3n Financiera Internacional (IFC) y la U.S. International Development Finance Corporation (DFC), junto a autoridades energ\u00e9ticas de Guatemala, El Salvador y Honduras.<\/p>\n\n\n\n<p>La intervenci\u00f3n de la BCV destac\u00f3 la importancia de los mercados de capitales como herramienta para canalizar inversi\u00f3n hacia proyectos de infraestructura y energ\u00eda, apoyando el desarrollo sostenible y fortaleciendo la competitividad regional.<\/p>\n\n\n\n<p>Estos espacios fomentan la colaboraci\u00f3n entre los sectores p\u00fablico y privado, generando condiciones favorables para la inversi\u00f3n y promoviendo iniciativas que impulsan el crecimiento econ\u00f3mico en el Tri\u00e1ngulo Norte.<\/p>\n","protected":false},"excerpt":{"rendered":"<p>La Bolsa Centroamericana de Valores (BCV) estuvo presente en el Foro de Integraci\u00f3n Energ\u00e9tica del Tri\u00e1ngulo Norte, organizado por ThinkHUGE, un encuentro que reuni\u00f3 a los principales actores del sector energ\u00e9tico y financiero de Centroam\u00e9rica. Entre los participantes se encontraban autoridades gubernamentales, el presidente de la Rep\u00fablica, Nasry Juan Asfura, organismos multilaterales y empresarios de [&hellip;]<\/p>\n","protected":false},"author":2,"featured_media":4784,"comment_status":"closed","ping_status":"open","sticky":false,"template":"","format":"standard","meta":{"_seopress_robots_primary_cat":"","_seopress_titles_title":"","_seopress_titles_desc":"","_seopress_robots_index":"","footnotes":""},"categories":[1],"tags":[],"class_list":["post-4783","post","type-post","status-publish","format-standard","has-post-thumbnail","hentry","category-sin-categoria"],"_links":{"self":[{"href":"https:\/\/girasolmultimedios.com\/portal\/wp-json\/wp\/v2\/posts\/4783","targetHints":{"allow":["GET"]}}],"collection":[{"href":"https:\/\/girasolmultimedios.com\/portal\/wp-json\/wp\/v2\/posts"}],"about":[{"href":"https:\/\/girasolmultimedios.com\/portal\/wp-json\/wp\/v2\/types\/post"}],"author":[{"embeddable":true,"href":"https:\/\/girasolmultimedios.com\/portal\/wp-json\/wp\/v2\/users\/2"}],"replies":[{"embeddable":true,"href":"https:\/\/girasolmultimedios.com\/portal\/wp-json\/wp\/v2\/comments?post=4783"}],"version-history":[{"count":1,"href":"https:\/\/girasolmultimedios.com\/portal\/wp-json\/wp\/v2\/posts\/4783\/revisions"}],"predecessor-version":[{"id":4785,"href":"https:\/\/girasolmultimedios.com\/portal\/wp-json\/wp\/v2\/posts\/4783\/revisions\/4785"}],"wp:featuredmedia":[{"embeddable":true,"href":"https:\/\/girasolmultimedios.com\/portal\/wp-json\/wp\/v2\/media\/4784"}],"wp:attachment":[{"href":"https:\/\/girasolmultimedios.com\/portal\/wp-json\/wp\/v2\/media?parent=4783"}],"wp:term":[{"taxonomy":"category","embeddable":true,"href":"https:\/\/girasolmultimedios.com\/portal\/wp-json\/wp\/v2\/categories?post=4783"},{"taxonomy":"post_tag","embeddable":true,"href":"https:\/\/girasolmultimedios.com\/portal\/wp-json\/wp\/v2\/tags?post=4783"}],"curies":[{"name":"wp","href":"https:\/\/api.w.org\/{rel}","templated":true}]}}