{"id":4792,"date":"2026-03-20T06:47:33","date_gmt":"2026-03-20T12:47:33","guid":{"rendered":"https:\/\/girasolmultimedios.com\/portal\/?p=4792"},"modified":"2026-03-20T06:47:35","modified_gmt":"2026-03-20T12:47:35","slug":"reconocimiento-al-papel-fundamental-de-los-padres-en-los-hogares-hondurenos-y-su-impacto-en-la-sociedad","status":"publish","type":"post","link":"https:\/\/girasolmultimedios.com\/portal\/reconocimiento-al-papel-fundamental-de-los-padres-en-los-hogares-hondurenos-y-su-impacto-en-la-sociedad\/","title":{"rendered":"Reconocimiento al papel fundamental de los padres en los hogares hondure\u00f1os y su impacto en la sociedad"},"content":{"rendered":"\n<p>En Honduras, cada 19 de marzo se conmemora el D\u00eda del Padre, una fecha dedicada a honrar a los hombres que, con esfuerzo y dedicaci\u00f3n, sostienen a sus familias. Sin embargo, en este a\u00f1o la celebraci\u00f3n pas\u00f3 casi desapercibida, evidenci\u00e1ndose una baja actividad comercial en calles y centros de compras.<\/p>\n\n\n\n<p>Esta fecha coincide con la festividad religiosa de San Jos\u00e9, considerado un modelo de responsabilidad, trabajo y compromiso familiar dentro de la tradici\u00f3n cat\u00f3lica. La conmemoraci\u00f3n fue oficializada en 1960 mediante un decreto publicado en el diario oficial La Gaceta, consolid\u00e1ndose desde entonces como un d\u00eda especial para resaltar la figura paterna.<\/p>\n\n\n\n<p>De acuerdo con datos del Instituto Nacional de Estad\u00edstica (INE), m\u00e1s de 1.17 millones de hogares en el pa\u00eds est\u00e1n liderados por padres que viven con sus hijos, desempe\u00f1ando un rol clave en su crianza, educaci\u00f3n y bienestar. Estas cifras provienen de la Encuesta Permanente de Hogares realizada en julio de 2025.<\/p>\n\n\n\n<p>En t\u00e9rminos generales, de los m\u00e1s de 2.7 millones de hogares contabilizados a nivel nacional, el 61.5 % tiene como jefe a un hombre, aunque no todos necesariamente cumplen el rol de padre. La mayor\u00eda de estos jefes de hogar se concentra en edades entre los 45 y 59 a\u00f1os, seguidos por adultos mayores y otros grupos etarios en menor proporci\u00f3n.<\/p>\n\n\n\n<p>M\u00e1s all\u00e1 de los regalos o celebraciones, esta fecha invita a reflexionar sobre la importancia del padre como gu\u00eda y pilar dentro del n\u00facleo familiar. Su influencia no solo impacta en la formaci\u00f3n de sus hijos, sino tambi\u00e9n en el desarrollo de la sociedad en general.<\/p>\n\n\n\n<p>Asimismo, se resalta que el v\u00ednculo no debe ser unidireccional: los hijos tambi\u00e9n tienen la responsabilidad de valorar, respetar y cuidar a sus padres, reconociendo el esfuerzo y amor brindado a lo largo de sus vidas.<\/p>\n","protected":false},"excerpt":{"rendered":"<p>En Honduras, cada 19 de marzo se conmemora el D\u00eda del Padre, una fecha dedicada a honrar a los hombres que, con esfuerzo y dedicaci\u00f3n, sostienen a sus familias. Sin embargo, en este a\u00f1o la celebraci\u00f3n pas\u00f3 casi desapercibida, evidenci\u00e1ndose una baja actividad comercial en calles y centros de compras. Esta fecha coincide con la [&hellip;]<\/p>\n","protected":false},"author":2,"featured_media":4793,"comment_status":"closed","ping_status":"open","sticky":false,"template":"","format":"standard","meta":{"_seopress_robots_primary_cat":"","_seopress_titles_title":"","_seopress_titles_desc":"","_seopress_robots_index":"","footnotes":""},"categories":[1],"tags":[],"class_list":["post-4792","post","type-post","status-publish","format-standard","has-post-thumbnail","hentry","category-sin-categoria"],"_links":{"self":[{"href":"https:\/\/girasolmultimedios.com\/portal\/wp-json\/wp\/v2\/posts\/4792","targetHints":{"allow":["GET"]}}],"collection":[{"href":"https:\/\/girasolmultimedios.com\/portal\/wp-json\/wp\/v2\/posts"}],"about":[{"href":"https:\/\/girasolmultimedios.com\/portal\/wp-json\/wp\/v2\/types\/post"}],"author":[{"embeddable":true,"href":"https:\/\/girasolmultimedios.com\/portal\/wp-json\/wp\/v2\/users\/2"}],"replies":[{"embeddable":true,"href":"https:\/\/girasolmultimedios.com\/portal\/wp-json\/wp\/v2\/comments?post=4792"}],"version-history":[{"count":1,"href":"https:\/\/girasolmultimedios.com\/portal\/wp-json\/wp\/v2\/posts\/4792\/revisions"}],"predecessor-version":[{"id":4794,"href":"https:\/\/girasolmultimedios.com\/portal\/wp-json\/wp\/v2\/posts\/4792\/revisions\/4794"}],"wp:featuredmedia":[{"embeddable":true,"href":"https:\/\/girasolmultimedios.com\/portal\/wp-json\/wp\/v2\/media\/4793"}],"wp:attachment":[{"href":"https:\/\/girasolmultimedios.com\/portal\/wp-json\/wp\/v2\/media?parent=4792"}],"wp:term":[{"taxonomy":"category","embeddable":true,"href":"https:\/\/girasolmultimedios.com\/portal\/wp-json\/wp\/v2\/categories?post=4792"},{"taxonomy":"post_tag","embeddable":true,"href":"https:\/\/girasolmultimedios.com\/portal\/wp-json\/wp\/v2\/tags?post=4792"}],"curies":[{"name":"wp","href":"https:\/\/api.w.org\/{rel}","templated":true}]}}