{"id":4807,"date":"2026-03-20T07:02:14","date_gmt":"2026-03-20T13:02:14","guid":{"rendered":"https:\/\/girasolmultimedios.com\/portal\/?p=4807"},"modified":"2026-03-20T07:02:15","modified_gmt":"2026-03-20T13:02:15","slug":"extension-de-alerta-verde-en-el-norte-de-honduras-por-condiciones-climaticas-adversas","status":"publish","type":"post","link":"https:\/\/girasolmultimedios.com\/portal\/extension-de-alerta-verde-en-el-norte-de-honduras-por-condiciones-climaticas-adversas\/","title":{"rendered":"Extensi\u00f3n de Alerta Verde en el norte de Honduras por condiciones clim\u00e1ticas adversas"},"content":{"rendered":"\n<p>La Secretar\u00eda de Gesti\u00f3n de Riesgos y Contingencias (Copeco) determin\u00f3 ampliar por 24 horas la Alerta Verde en cinco departamentos del norte de Honduras, debido a las condiciones inestables del clima provocadas por un frente fr\u00edo y una masa de aire fr\u00edo que afectan el territorio nacional.<\/p>\n\n\n\n<p>La medida abarca los departamentos de Islas de la Bah\u00eda, Cort\u00e9s, Atl\u00e1ntida, Col\u00f3n y Yoro, y entr\u00f3 en vigencia a partir de las 6:00 de la tarde del jueves 19 de marzo, seg\u00fan el informe oficial emitido en Tegucigalpa.<\/p>\n\n\n\n<p>De acuerdo con el organismo, se espera la continuidad de lluvias y chubascos de intensidad leve a moderada, principalmente durante la madrugada y en horas tempranas del d\u00eda. Asimismo, se prev\u00e9 una disminuci\u00f3n en las temperaturas, acompa\u00f1ada de vientos provenientes del norte y noroeste, adem\u00e1s de un incremento en el oleaje en la zona del Caribe.<\/p>\n\n\n\n<p>Ante esta situaci\u00f3n, Copeco exhort\u00f3 a la poblaci\u00f3n a tomar medidas preventivas como asegurar techos, limpiar cunetas y drenajes, as\u00ed como evitar cruzar r\u00edos o quebradas con altos niveles de agua. Tambi\u00e9n recomend\u00f3 a las personas que habitan en \u00e1reas de riesgo mantenerse alerta y considerar la evacuaci\u00f3n hacia zonas seguras en caso de ser necesario.<\/p>\n","protected":false},"excerpt":{"rendered":"<p>La Secretar\u00eda de Gesti\u00f3n de Riesgos y Contingencias (Copeco) determin\u00f3 ampliar por 24 horas la Alerta Verde en cinco departamentos del norte de Honduras, debido a las condiciones inestables del clima provocadas por un frente fr\u00edo y una masa de aire fr\u00edo que afectan el territorio nacional. La medida abarca los departamentos de Islas de [&hellip;]<\/p>\n","protected":false},"author":2,"featured_media":4808,"comment_status":"closed","ping_status":"open","sticky":false,"template":"","format":"standard","meta":{"_seopress_robots_primary_cat":"","_seopress_titles_title":"","_seopress_titles_desc":"","_seopress_robots_index":"","footnotes":""},"categories":[1],"tags":[],"class_list":["post-4807","post","type-post","status-publish","format-standard","has-post-thumbnail","hentry","category-sin-categoria"],"_links":{"self":[{"href":"https:\/\/girasolmultimedios.com\/portal\/wp-json\/wp\/v2\/posts\/4807","targetHints":{"allow":["GET"]}}],"collection":[{"href":"https:\/\/girasolmultimedios.com\/portal\/wp-json\/wp\/v2\/posts"}],"about":[{"href":"https:\/\/girasolmultimedios.com\/portal\/wp-json\/wp\/v2\/types\/post"}],"author":[{"embeddable":true,"href":"https:\/\/girasolmultimedios.com\/portal\/wp-json\/wp\/v2\/users\/2"}],"replies":[{"embeddable":true,"href":"https:\/\/girasolmultimedios.com\/portal\/wp-json\/wp\/v2\/comments?post=4807"}],"version-history":[{"count":1,"href":"https:\/\/girasolmultimedios.com\/portal\/wp-json\/wp\/v2\/posts\/4807\/revisions"}],"predecessor-version":[{"id":4809,"href":"https:\/\/girasolmultimedios.com\/portal\/wp-json\/wp\/v2\/posts\/4807\/revisions\/4809"}],"wp:featuredmedia":[{"embeddable":true,"href":"https:\/\/girasolmultimedios.com\/portal\/wp-json\/wp\/v2\/media\/4808"}],"wp:attachment":[{"href":"https:\/\/girasolmultimedios.com\/portal\/wp-json\/wp\/v2\/media?parent=4807"}],"wp:term":[{"taxonomy":"category","embeddable":true,"href":"https:\/\/girasolmultimedios.com\/portal\/wp-json\/wp\/v2\/categories?post=4807"},{"taxonomy":"post_tag","embeddable":true,"href":"https:\/\/girasolmultimedios.com\/portal\/wp-json\/wp\/v2\/tags?post=4807"}],"curies":[{"name":"wp","href":"https:\/\/api.w.org\/{rel}","templated":true}]}}