{"id":4810,"date":"2026-03-20T07:04:00","date_gmt":"2026-03-20T13:04:00","guid":{"rendered":"https:\/\/girasolmultimedios.com\/portal\/?p=4810"},"modified":"2026-03-20T07:04:02","modified_gmt":"2026-03-20T13:04:02","slug":"captura-de-sospechosos-vinculados-al-asesinato-de-medico-en-honduras","status":"publish","type":"post","link":"https:\/\/girasolmultimedios.com\/portal\/captura-de-sospechosos-vinculados-al-asesinato-de-medico-en-honduras\/","title":{"rendered":"Captura de sospechosos vinculados al asesinato de m\u00e9dico en Honduras"},"content":{"rendered":"\n<p>Las autoridades de Honduras lograron la detenci\u00f3n de un exmiembro de la Polic\u00eda y un exmilitar se\u00f1alados como principales implicados en el asesinato del m\u00e9dico Miguel \u00c1ngel Salgado Cabezas, hecho ocurrido a finales de noviembre de 2025 y que gener\u00f3 gran consternaci\u00f3n en el sector salud.<\/p>\n\n\n\n<p>El operativo fue ejecutado por la Direcci\u00f3n Policial de Investigaciones (DPI), que llev\u00f3 a cabo acciones simult\u00e1neas en diferentes puntos del pa\u00eds para ubicar a los sospechosos.<\/p>\n\n\n\n<p>Uno de los capturados es Willians Fernando Abrego \u00c1vila, de 25 a\u00f1os, originario de Marcovia, en el departamento de Choluteca. Su detenci\u00f3n se realiz\u00f3 en la aldea Agua Caliente, municipio de Santa Fe, en la zona fronteriza con Guatemala, con apoyo de fuerzas especiales y agentes preventivos. Seg\u00fan las investigaciones, actualmente se desempe\u00f1aba como alba\u00f1il, aunque en el pasado form\u00f3 parte de las Fuerzas Armadas.<\/p>\n\n\n\n<p>De manera paralela, en el municipio de Santa Cruz, fue arrestado Mart\u00edn Antonio Rugama Sol\u00f3rzano, de 27 a\u00f1os, quien trabajaba como supervisor de seguridad y anteriormente ocup\u00f3 el cargo de subinspector dentro de la Polic\u00eda Nacional.<\/p>\n\n\n\n<p>Ambos individuos cuentan con \u00f3rdenes de captura emitidas el 10 de febrero de 2026 por un juzgado con jurisdicci\u00f3n nacional en materia de criminalidad organizada. Se les acusa de los delitos de asesinato y asociaci\u00f3n para delinquir, siendo se\u00f1alados como piezas clave en el crimen que acab\u00f3 con la vida del joven profesional de la salud.<\/p>\n","protected":false},"excerpt":{"rendered":"<p>Las autoridades de Honduras lograron la detenci\u00f3n de un exmiembro de la Polic\u00eda y un exmilitar se\u00f1alados como principales implicados en el asesinato del m\u00e9dico Miguel \u00c1ngel Salgado Cabezas, hecho ocurrido a finales de noviembre de 2025 y que gener\u00f3 gran consternaci\u00f3n en el sector salud. El operativo fue ejecutado por la Direcci\u00f3n Policial de [&hellip;]<\/p>\n","protected":false},"author":2,"featured_media":4811,"comment_status":"closed","ping_status":"open","sticky":false,"template":"","format":"standard","meta":{"_seopress_robots_primary_cat":"","_seopress_titles_title":"","_seopress_titles_desc":"","_seopress_robots_index":"","footnotes":""},"categories":[1],"tags":[],"class_list":["post-4810","post","type-post","status-publish","format-standard","has-post-thumbnail","hentry","category-sin-categoria"],"_links":{"self":[{"href":"https:\/\/girasolmultimedios.com\/portal\/wp-json\/wp\/v2\/posts\/4810","targetHints":{"allow":["GET"]}}],"collection":[{"href":"https:\/\/girasolmultimedios.com\/portal\/wp-json\/wp\/v2\/posts"}],"about":[{"href":"https:\/\/girasolmultimedios.com\/portal\/wp-json\/wp\/v2\/types\/post"}],"author":[{"embeddable":true,"href":"https:\/\/girasolmultimedios.com\/portal\/wp-json\/wp\/v2\/users\/2"}],"replies":[{"embeddable":true,"href":"https:\/\/girasolmultimedios.com\/portal\/wp-json\/wp\/v2\/comments?post=4810"}],"version-history":[{"count":1,"href":"https:\/\/girasolmultimedios.com\/portal\/wp-json\/wp\/v2\/posts\/4810\/revisions"}],"predecessor-version":[{"id":4812,"href":"https:\/\/girasolmultimedios.com\/portal\/wp-json\/wp\/v2\/posts\/4810\/revisions\/4812"}],"wp:featuredmedia":[{"embeddable":true,"href":"https:\/\/girasolmultimedios.com\/portal\/wp-json\/wp\/v2\/media\/4811"}],"wp:attachment":[{"href":"https:\/\/girasolmultimedios.com\/portal\/wp-json\/wp\/v2\/media?parent=4810"}],"wp:term":[{"taxonomy":"category","embeddable":true,"href":"https:\/\/girasolmultimedios.com\/portal\/wp-json\/wp\/v2\/categories?post=4810"},{"taxonomy":"post_tag","embeddable":true,"href":"https:\/\/girasolmultimedios.com\/portal\/wp-json\/wp\/v2\/tags?post=4810"}],"curies":[{"name":"wp","href":"https:\/\/api.w.org\/{rel}","templated":true}]}}