{"id":4813,"date":"2026-03-20T07:09:23","date_gmt":"2026-03-20T13:09:23","guid":{"rendered":"https:\/\/girasolmultimedios.com\/portal\/?p=4813"},"modified":"2026-03-20T07:09:25","modified_gmt":"2026-03-20T13:09:25","slug":"gracias-lempira-se-alista-como-destino-turistico-para-semana-santa-con-diversas-actividades","status":"publish","type":"post","link":"https:\/\/girasolmultimedios.com\/portal\/gracias-lempira-se-alista-como-destino-turistico-para-semana-santa-con-diversas-actividades\/","title":{"rendered":"Gracias, Lempira se alista como destino tur\u00edstico para Semana Santa con diversas actividades"},"content":{"rendered":"\n<p>La ciudad de Gracias, ubicada en el departamento de Lempira, se prepara para recibir a visitantes durante la temporada de Semana Santa con una variada agenda de actividades pensadas para toda la familia.<\/p>\n\n\n\n<p>El alcalde Jos\u00e9 Mario C\u00e1lix inform\u00f3 que, en coordinaci\u00f3n con la Unidad de Turismo y otros actores locales, se han organizado iniciativas que abarcan el ecoturismo, la tradici\u00f3n religiosa, la cultura, la gastronom\u00eda y el impulso a los emprendimientos.<\/p>\n\n\n\n<p>Entre los principales atractivos destacan las aguas termales, uno de los sitios m\u00e1s visitados de la ciudad, disponibles para el p\u00fablico durante todo el d\u00eda. Asimismo, se desarrollar\u00e1 una feria de emprendedores en el parque central, donde los asistentes podr\u00e1n disfrutar de productos locales.<\/p>\n\n\n\n<p>En el \u00e1mbito religioso, se mantendr\u00e1n vivas las tradiciones con la elaboraci\u00f3n de alfombras durante las actividades lit\u00fargicas, representando escenas relacionadas con la pasi\u00f3n y muerte de Jesucristo en distintas iglesias del municipio.<\/p>\n\n\n\n<p>La oferta gastron\u00f3mica tambi\u00e9n ser\u00e1 protagonista, con platillos t\u00edpicos como la sopa de gallina india, ticucos, pupusas y tamales, adem\u00e1s de otras opciones culinarias.<\/p>\n\n\n\n<p>Otro punto de inter\u00e9s es el Fuerte San Crist\u00f3bal, recientemente restaurado, que ahora se presenta como un espacio atractivo para el turismo hist\u00f3rico y la toma de fotograf\u00edas.<\/p>\n\n\n\n<p>Finalmente, las autoridades locales extendieron la invitaci\u00f3n a turistas nacionales y extranjeros para que elijan este destino, destacando la seguridad, la hospitalidad de sus habitantes y la diversidad de experiencias que ofrece la ciudad.<\/p>\n","protected":false},"excerpt":{"rendered":"<p>La ciudad de Gracias, ubicada en el departamento de Lempira, se prepara para recibir a visitantes durante la temporada de Semana Santa con una variada agenda de actividades pensadas para toda la familia. El alcalde Jos\u00e9 Mario C\u00e1lix inform\u00f3 que, en coordinaci\u00f3n con la Unidad de Turismo y otros actores locales, se han organizado iniciativas [&hellip;]<\/p>\n","protected":false},"author":2,"featured_media":4814,"comment_status":"closed","ping_status":"open","sticky":false,"template":"","format":"standard","meta":{"_seopress_robots_primary_cat":"","_seopress_titles_title":"","_seopress_titles_desc":"","_seopress_robots_index":"","footnotes":""},"categories":[1],"tags":[],"class_list":["post-4813","post","type-post","status-publish","format-standard","has-post-thumbnail","hentry","category-sin-categoria"],"_links":{"self":[{"href":"https:\/\/girasolmultimedios.com\/portal\/wp-json\/wp\/v2\/posts\/4813","targetHints":{"allow":["GET"]}}],"collection":[{"href":"https:\/\/girasolmultimedios.com\/portal\/wp-json\/wp\/v2\/posts"}],"about":[{"href":"https:\/\/girasolmultimedios.com\/portal\/wp-json\/wp\/v2\/types\/post"}],"author":[{"embeddable":true,"href":"https:\/\/girasolmultimedios.com\/portal\/wp-json\/wp\/v2\/users\/2"}],"replies":[{"embeddable":true,"href":"https:\/\/girasolmultimedios.com\/portal\/wp-json\/wp\/v2\/comments?post=4813"}],"version-history":[{"count":1,"href":"https:\/\/girasolmultimedios.com\/portal\/wp-json\/wp\/v2\/posts\/4813\/revisions"}],"predecessor-version":[{"id":4815,"href":"https:\/\/girasolmultimedios.com\/portal\/wp-json\/wp\/v2\/posts\/4813\/revisions\/4815"}],"wp:featuredmedia":[{"embeddable":true,"href":"https:\/\/girasolmultimedios.com\/portal\/wp-json\/wp\/v2\/media\/4814"}],"wp:attachment":[{"href":"https:\/\/girasolmultimedios.com\/portal\/wp-json\/wp\/v2\/media?parent=4813"}],"wp:term":[{"taxonomy":"category","embeddable":true,"href":"https:\/\/girasolmultimedios.com\/portal\/wp-json\/wp\/v2\/categories?post=4813"},{"taxonomy":"post_tag","embeddable":true,"href":"https:\/\/girasolmultimedios.com\/portal\/wp-json\/wp\/v2\/tags?post=4813"}],"curies":[{"name":"wp","href":"https:\/\/api.w.org\/{rel}","templated":true}]}}