{"id":4816,"date":"2026-03-20T07:14:27","date_gmt":"2026-03-20T13:14:27","guid":{"rendered":"https:\/\/girasolmultimedios.com\/portal\/?p=4816"},"modified":"2026-03-20T07:14:29","modified_gmt":"2026-03-20T13:14:29","slug":"frente-frio-provoca-descenso-de-temperaturas-y-lluvias-en-honduras","status":"publish","type":"post","link":"https:\/\/girasolmultimedios.com\/portal\/frente-frio-provoca-descenso-de-temperaturas-y-lluvias-en-honduras\/","title":{"rendered":"Frente fr\u00edo provoca descenso de temperaturas y lluvias en Honduras"},"content":{"rendered":"\n<p>La llegada de una masa de aire fr\u00edo al territorio de Honduras ha generado un cambio notable en las condiciones clim\u00e1ticas del pa\u00eds, con temperaturas m\u00e1s bajas, vientos frescos y precipitaciones en distintas regiones.<\/p>\n\n\n\n<p>Seg\u00fan el Centro Nacional de Estudios Atmosf\u00e9ricos, Oceanogr\u00e1ficos y S\u00edsmicos (Cenaos), el cielo se mantendr\u00e1 nublado durante la jornada, con lluvias de intensidad variable. Las precipitaciones m\u00e1s fuertes se registrar\u00e1n en la zona norte y occidente, mientras que las regiones central y oriental tendr\u00e1n chubascos leves.<\/p>\n\n\n\n<p>El pronosticador Jairo Garc\u00eda explic\u00f3 que el desplazamiento de esta masa de aire fr\u00edo genera inestabilidad atmosf\u00e9rica, favoreciendo la formaci\u00f3n de nubes cargadas de humedad y posibles lluvias intermitentes a lo largo del d\u00eda.<\/p>\n\n\n\n<p>Las autoridades han recomendado a la poblaci\u00f3n extremar precauciones, sobre todo en comunidades vulnerables y \u00e1reas monta\u00f1osas, donde el descenso t\u00e9rmico ser\u00e1 m\u00e1s notable. Adem\u00e1s, se aconseja estar atentos a posibles acumulaciones de agua en quebradas y r\u00edos, ya que las lluvias podr\u00edan provocar crecidas repentinas.<\/p>\n\n\n\n<p>Cenaos indic\u00f3 que este fen\u00f3meno forma parte de la din\u00e1mica estacional que afecta a Centroam\u00e9rica, ya que los frentes fr\u00edos provenientes del norte suelen impactar la regi\u00f3n durante los primeros meses del a\u00f1o.<\/p>\n","protected":false},"excerpt":{"rendered":"<p>La llegada de una masa de aire fr\u00edo al territorio de Honduras ha generado un cambio notable en las condiciones clim\u00e1ticas del pa\u00eds, con temperaturas m\u00e1s bajas, vientos frescos y precipitaciones en distintas regiones. Seg\u00fan el Centro Nacional de Estudios Atmosf\u00e9ricos, Oceanogr\u00e1ficos y S\u00edsmicos (Cenaos), el cielo se mantendr\u00e1 nublado durante la jornada, con lluvias [&hellip;]<\/p>\n","protected":false},"author":2,"featured_media":4817,"comment_status":"closed","ping_status":"open","sticky":false,"template":"","format":"standard","meta":{"_seopress_robots_primary_cat":"","_seopress_titles_title":"","_seopress_titles_desc":"","_seopress_robots_index":"","footnotes":""},"categories":[1],"tags":[],"class_list":["post-4816","post","type-post","status-publish","format-standard","has-post-thumbnail","hentry","category-sin-categoria"],"_links":{"self":[{"href":"https:\/\/girasolmultimedios.com\/portal\/wp-json\/wp\/v2\/posts\/4816","targetHints":{"allow":["GET"]}}],"collection":[{"href":"https:\/\/girasolmultimedios.com\/portal\/wp-json\/wp\/v2\/posts"}],"about":[{"href":"https:\/\/girasolmultimedios.com\/portal\/wp-json\/wp\/v2\/types\/post"}],"author":[{"embeddable":true,"href":"https:\/\/girasolmultimedios.com\/portal\/wp-json\/wp\/v2\/users\/2"}],"replies":[{"embeddable":true,"href":"https:\/\/girasolmultimedios.com\/portal\/wp-json\/wp\/v2\/comments?post=4816"}],"version-history":[{"count":1,"href":"https:\/\/girasolmultimedios.com\/portal\/wp-json\/wp\/v2\/posts\/4816\/revisions"}],"predecessor-version":[{"id":4818,"href":"https:\/\/girasolmultimedios.com\/portal\/wp-json\/wp\/v2\/posts\/4816\/revisions\/4818"}],"wp:featuredmedia":[{"embeddable":true,"href":"https:\/\/girasolmultimedios.com\/portal\/wp-json\/wp\/v2\/media\/4817"}],"wp:attachment":[{"href":"https:\/\/girasolmultimedios.com\/portal\/wp-json\/wp\/v2\/media?parent=4816"}],"wp:term":[{"taxonomy":"category","embeddable":true,"href":"https:\/\/girasolmultimedios.com\/portal\/wp-json\/wp\/v2\/categories?post=4816"},{"taxonomy":"post_tag","embeddable":true,"href":"https:\/\/girasolmultimedios.com\/portal\/wp-json\/wp\/v2\/tags?post=4816"}],"curies":[{"name":"wp","href":"https:\/\/api.w.org\/{rel}","templated":true}]}}