{"id":4834,"date":"2026-03-23T07:01:02","date_gmt":"2026-03-23T13:01:02","guid":{"rendered":"https:\/\/girasolmultimedios.com\/portal\/?p=4834"},"modified":"2026-03-23T07:01:04","modified_gmt":"2026-03-23T13:01:04","slug":"reconoceran-a-tomas-zambrano-con-galardon-internacional-en-estados-unidos","status":"publish","type":"post","link":"https:\/\/girasolmultimedios.com\/portal\/reconoceran-a-tomas-zambrano-con-galardon-internacional-en-estados-unidos\/","title":{"rendered":"Reconocer\u00e1n a Tom\u00e1s Zambrano con galard\u00f3n internacional en Estados Unidos"},"content":{"rendered":"\n<p>El presidente del Congreso Nacional, Tom\u00e1s Zambrano, ser\u00e1 distinguido a finales de abril en la ciudad de Nueva York con un reconocimiento otorgado por el Metropolitan Republican Club.<\/p>\n\n\n\n<p>El premio, denominado \u201cRichard M. Nixon: Libertad sobre el Socialismo\u201d, ser\u00e1 entregado el pr\u00f3ximo 29 de abril y destaca su trayectoria dentro del Partido Nacional, as\u00ed como su participaci\u00f3n en iniciativas relacionadas con la promoci\u00f3n de la democracia, la estabilidad institucional y la econom\u00eda de mercado.<\/p>\n\n\n\n<p>Esta distinci\u00f3n toma como referencia los ideales del expresidente estadounidense Richard Nixon, y busca exaltar a figuras pol\u00edticas que impulsan principios democr\u00e1ticos y de libre empresa en sus respectivos pa\u00edses.<\/p>\n\n\n\n<p>Seg\u00fan los organizadores, Zambrano ha sido seleccionado por su papel en la vida pol\u00edtica hondure\u00f1a y su capacidad de liderazgo en escenarios complejos, donde ha promovido el di\u00e1logo y la b\u00fasqueda de consensos.<\/p>\n\n\n\n<p>El evento reunir\u00e1 a diversas personalidades del \u00e1mbito pol\u00edtico y diplom\u00e1tico, quienes destacar\u00e1n la importancia de este tipo de reconocimientos a nivel internacional.<\/p>\n\n\n\n<p>Para el titular del Legislativo, este galard\u00f3n representa un incentivo para continuar trabajando en favor del fortalecimiento institucional y el desarrollo del pa\u00eds.<\/p>\n","protected":false},"excerpt":{"rendered":"<p>El presidente del Congreso Nacional, Tom\u00e1s Zambrano, ser\u00e1 distinguido a finales de abril en la ciudad de Nueva York con un reconocimiento otorgado por el Metropolitan Republican Club. El premio, denominado \u201cRichard M. Nixon: Libertad sobre el Socialismo\u201d, ser\u00e1 entregado el pr\u00f3ximo 29 de abril y destaca su trayectoria dentro del Partido Nacional, as\u00ed como [&hellip;]<\/p>\n","protected":false},"author":2,"featured_media":4835,"comment_status":"closed","ping_status":"open","sticky":false,"template":"","format":"standard","meta":{"_seopress_robots_primary_cat":"","_seopress_titles_title":"","_seopress_titles_desc":"","_seopress_robots_index":"","footnotes":""},"categories":[1],"tags":[],"class_list":["post-4834","post","type-post","status-publish","format-standard","has-post-thumbnail","hentry","category-sin-categoria"],"_links":{"self":[{"href":"https:\/\/girasolmultimedios.com\/portal\/wp-json\/wp\/v2\/posts\/4834","targetHints":{"allow":["GET"]}}],"collection":[{"href":"https:\/\/girasolmultimedios.com\/portal\/wp-json\/wp\/v2\/posts"}],"about":[{"href":"https:\/\/girasolmultimedios.com\/portal\/wp-json\/wp\/v2\/types\/post"}],"author":[{"embeddable":true,"href":"https:\/\/girasolmultimedios.com\/portal\/wp-json\/wp\/v2\/users\/2"}],"replies":[{"embeddable":true,"href":"https:\/\/girasolmultimedios.com\/portal\/wp-json\/wp\/v2\/comments?post=4834"}],"version-history":[{"count":1,"href":"https:\/\/girasolmultimedios.com\/portal\/wp-json\/wp\/v2\/posts\/4834\/revisions"}],"predecessor-version":[{"id":4836,"href":"https:\/\/girasolmultimedios.com\/portal\/wp-json\/wp\/v2\/posts\/4834\/revisions\/4836"}],"wp:featuredmedia":[{"embeddable":true,"href":"https:\/\/girasolmultimedios.com\/portal\/wp-json\/wp\/v2\/media\/4835"}],"wp:attachment":[{"href":"https:\/\/girasolmultimedios.com\/portal\/wp-json\/wp\/v2\/media?parent=4834"}],"wp:term":[{"taxonomy":"category","embeddable":true,"href":"https:\/\/girasolmultimedios.com\/portal\/wp-json\/wp\/v2\/categories?post=4834"},{"taxonomy":"post_tag","embeddable":true,"href":"https:\/\/girasolmultimedios.com\/portal\/wp-json\/wp\/v2\/tags?post=4834"}],"curies":[{"name":"wp","href":"https:\/\/api.w.org\/{rel}","templated":true}]}}