{"id":4837,"date":"2026-03-23T07:02:44","date_gmt":"2026-03-23T13:02:44","guid":{"rendered":"https:\/\/girasolmultimedios.com\/portal\/?p=4837"},"modified":"2026-03-23T07:02:47","modified_gmt":"2026-03-23T13:02:47","slug":"asfura-refuerza-vinculos-con-ee-uu-en-agenda-de-seguridad-y-desarrollo","status":"publish","type":"post","link":"https:\/\/girasolmultimedios.com\/portal\/asfura-refuerza-vinculos-con-ee-uu-en-agenda-de-seguridad-y-desarrollo\/","title":{"rendered":"Asfura refuerza v\u00ednculos con EE. UU. en agenda de seguridad y desarrollo"},"content":{"rendered":"\n<p>El presidente de Honduras, Nasry Asfura, sostuvo un encuentro oficial con Kristi Noem, representante especial de Estados Unidos para la iniciativa \u201cEscudo de las Am\u00e9ricas\u201d, con el objetivo de fortalecer la cooperaci\u00f3n bilateral y regional.<\/p>\n\n\n\n<p>La reuni\u00f3n, llevada a cabo en la sede de gobierno, sirvi\u00f3 para abordar temas clave como la migraci\u00f3n, la seguridad y la lucha contra estructuras criminales que operan a nivel internacional. Asimismo, se discutieron mecanismos de coordinaci\u00f3n entre pa\u00edses aliados para enfrentar desaf\u00edos comunes en el continente.<\/p>\n\n\n\n<p>Este acercamiento forma parte de los esfuerzos conjuntos dentro del programa \u201cEscudo de las Am\u00e9ricas\u201d, una estrategia que involucra a varias naciones del hemisferio y que busca promover estabilidad, desarrollo econ\u00f3mico y trabajo coordinado entre gobiernos.<\/p>\n\n\n\n<p>Durante su intervenci\u00f3n, el mandatario destac\u00f3 la importancia de mantener una relaci\u00f3n s\u00f3lida con Estados Unidos, subrayando que el di\u00e1logo directo permite avanzar en soluciones a problem\u00e1ticas compartidas como la migraci\u00f3n y la seguridad.<\/p>\n\n\n\n<p>Adem\u00e1s, se resalt\u00f3 que este tipo de encuentros dan continuidad a los compromisos adquiridos en reuniones recientes, incluyendo la cumbre desarrollada en Miami, donde se definieron l\u00edneas de acci\u00f3n para fortalecer la cooperaci\u00f3n regional.<\/p>\n\n\n\n<p>La visita de la delegada estadounidense responde a una gira por los pa\u00edses participantes del programa, con el prop\u00f3sito de consolidar acuerdos y poner en marcha estrategias que beneficien a las naciones involucradas.<\/p>\n\n\n\n<p>Con este acercamiento, el gobierno hondure\u00f1o reitera su intenci\u00f3n de seguir trabajando junto a sus aliados para impulsar una regi\u00f3n m\u00e1s segura, con mayores oportunidades y respeto entre los Estados.<\/p>\n","protected":false},"excerpt":{"rendered":"<p>El presidente de Honduras, Nasry Asfura, sostuvo un encuentro oficial con Kristi Noem, representante especial de Estados Unidos para la iniciativa \u201cEscudo de las Am\u00e9ricas\u201d, con el objetivo de fortalecer la cooperaci\u00f3n bilateral y regional. La reuni\u00f3n, llevada a cabo en la sede de gobierno, sirvi\u00f3 para abordar temas clave como la migraci\u00f3n, la seguridad [&hellip;]<\/p>\n","protected":false},"author":2,"featured_media":4838,"comment_status":"closed","ping_status":"open","sticky":false,"template":"","format":"standard","meta":{"_seopress_robots_primary_cat":"","_seopress_titles_title":"","_seopress_titles_desc":"","_seopress_robots_index":"","footnotes":""},"categories":[1],"tags":[],"class_list":["post-4837","post","type-post","status-publish","format-standard","has-post-thumbnail","hentry","category-sin-categoria"],"_links":{"self":[{"href":"https:\/\/girasolmultimedios.com\/portal\/wp-json\/wp\/v2\/posts\/4837","targetHints":{"allow":["GET"]}}],"collection":[{"href":"https:\/\/girasolmultimedios.com\/portal\/wp-json\/wp\/v2\/posts"}],"about":[{"href":"https:\/\/girasolmultimedios.com\/portal\/wp-json\/wp\/v2\/types\/post"}],"author":[{"embeddable":true,"href":"https:\/\/girasolmultimedios.com\/portal\/wp-json\/wp\/v2\/users\/2"}],"replies":[{"embeddable":true,"href":"https:\/\/girasolmultimedios.com\/portal\/wp-json\/wp\/v2\/comments?post=4837"}],"version-history":[{"count":1,"href":"https:\/\/girasolmultimedios.com\/portal\/wp-json\/wp\/v2\/posts\/4837\/revisions"}],"predecessor-version":[{"id":4839,"href":"https:\/\/girasolmultimedios.com\/portal\/wp-json\/wp\/v2\/posts\/4837\/revisions\/4839"}],"wp:featuredmedia":[{"embeddable":true,"href":"https:\/\/girasolmultimedios.com\/portal\/wp-json\/wp\/v2\/media\/4838"}],"wp:attachment":[{"href":"https:\/\/girasolmultimedios.com\/portal\/wp-json\/wp\/v2\/media?parent=4837"}],"wp:term":[{"taxonomy":"category","embeddable":true,"href":"https:\/\/girasolmultimedios.com\/portal\/wp-json\/wp\/v2\/categories?post=4837"},{"taxonomy":"post_tag","embeddable":true,"href":"https:\/\/girasolmultimedios.com\/portal\/wp-json\/wp\/v2\/tags?post=4837"}],"curies":[{"name":"wp","href":"https:\/\/api.w.org\/{rel}","templated":true}]}}