{"id":4840,"date":"2026-03-23T07:06:20","date_gmt":"2026-03-23T13:06:20","guid":{"rendered":"https:\/\/girasolmultimedios.com\/portal\/?p=4840"},"modified":"2026-03-23T07:06:22","modified_gmt":"2026-03-23T13:06:22","slug":"san-francisco-del-valle-celebra-el-festival-de-las-carretas-y-revive-tradiciones","status":"publish","type":"post","link":"https:\/\/girasolmultimedios.com\/portal\/san-francisco-del-valle-celebra-el-festival-de-las-carretas-y-revive-tradiciones\/","title":{"rendered":"San Francisco del Valle celebra el Festival de las Carretas y revive tradiciones"},"content":{"rendered":"\n<p>El municipio de San Francisco del Valle se llen\u00f3 de color y alegr\u00eda con la realizaci\u00f3n del tradicional Festival de las Carretas, una fiesta que destaca por su valor cultural y por reforzar el sentido de identidad de la comunidad.<\/p>\n\n\n\n<p>Cientos de habitantes y visitantes se dieron cita para disfrutar de un recorrido lleno de m\u00fasica, danzas, gastronom\u00eda t\u00edpica y carrozas decoradas con motivos campesinos que evocan la vida rural y las pr\u00e1cticas agr\u00edcolas de la regi\u00f3n. Los ni\u00f1os fueron los protagonistas principales, fascinados por las creativas decoraciones y los desfiles que recorrieron las calles del municipio.<\/p>\n\n\n\n<p>M\u00e1s all\u00e1 del entretenimiento, las autoridades locales resaltaron que el festival representa una oportunidad para fortalecer la econom\u00eda local. Artesanos y emprendedores ofrecieron productos tradicionales y comidas t\u00edpicas, promoviendo el turismo interno y poniendo en valor la cultura hondure\u00f1a.<\/p>\n\n\n\n<p>El evento cont\u00f3 con la participaci\u00f3n activa de instituciones educativas, organizaciones comunitarias y la iglesia local, quienes destacaron la importancia de transmitir estos conocimientos y costumbres a las nuevas generaciones.<\/p>\n\n\n\n<p>\u201cCelebrar este festival es recordar nuestras ra\u00edces y honrar el trabajo de quienes nos precedieron\u201d, se\u00f1alaron los organizadores.<\/p>\n\n\n\n<p>Con la presencia de visitantes de municipios vecinos y de pa\u00edses cercanos, el Festival de las Carretas se consolida como un atractivo cultural regional, fortaleciendo la identidad y la unidad comunitaria, mientras mantiene viva la tradici\u00f3n de occidente hondure\u00f1o.<\/p>\n","protected":false},"excerpt":{"rendered":"<p>El municipio de San Francisco del Valle se llen\u00f3 de color y alegr\u00eda con la realizaci\u00f3n del tradicional Festival de las Carretas, una fiesta que destaca por su valor cultural y por reforzar el sentido de identidad de la comunidad. Cientos de habitantes y visitantes se dieron cita para disfrutar de un recorrido lleno de [&hellip;]<\/p>\n","protected":false},"author":2,"featured_media":4841,"comment_status":"closed","ping_status":"open","sticky":false,"template":"","format":"standard","meta":{"_seopress_robots_primary_cat":"","_seopress_titles_title":"","_seopress_titles_desc":"","_seopress_robots_index":"","footnotes":""},"categories":[1],"tags":[],"class_list":["post-4840","post","type-post","status-publish","format-standard","has-post-thumbnail","hentry","category-sin-categoria"],"_links":{"self":[{"href":"https:\/\/girasolmultimedios.com\/portal\/wp-json\/wp\/v2\/posts\/4840","targetHints":{"allow":["GET"]}}],"collection":[{"href":"https:\/\/girasolmultimedios.com\/portal\/wp-json\/wp\/v2\/posts"}],"about":[{"href":"https:\/\/girasolmultimedios.com\/portal\/wp-json\/wp\/v2\/types\/post"}],"author":[{"embeddable":true,"href":"https:\/\/girasolmultimedios.com\/portal\/wp-json\/wp\/v2\/users\/2"}],"replies":[{"embeddable":true,"href":"https:\/\/girasolmultimedios.com\/portal\/wp-json\/wp\/v2\/comments?post=4840"}],"version-history":[{"count":1,"href":"https:\/\/girasolmultimedios.com\/portal\/wp-json\/wp\/v2\/posts\/4840\/revisions"}],"predecessor-version":[{"id":4842,"href":"https:\/\/girasolmultimedios.com\/portal\/wp-json\/wp\/v2\/posts\/4840\/revisions\/4842"}],"wp:featuredmedia":[{"embeddable":true,"href":"https:\/\/girasolmultimedios.com\/portal\/wp-json\/wp\/v2\/media\/4841"}],"wp:attachment":[{"href":"https:\/\/girasolmultimedios.com\/portal\/wp-json\/wp\/v2\/media?parent=4840"}],"wp:term":[{"taxonomy":"category","embeddable":true,"href":"https:\/\/girasolmultimedios.com\/portal\/wp-json\/wp\/v2\/categories?post=4840"},{"taxonomy":"post_tag","embeddable":true,"href":"https:\/\/girasolmultimedios.com\/portal\/wp-json\/wp\/v2\/tags?post=4840"}],"curies":[{"name":"wp","href":"https:\/\/api.w.org\/{rel}","templated":true}]}}