{"id":4843,"date":"2026-03-23T07:08:01","date_gmt":"2026-03-23T13:08:01","guid":{"rendered":"https:\/\/girasolmultimedios.com\/portal\/?p=4843"},"modified":"2026-03-23T07:08:03","modified_gmt":"2026-03-23T13:08:03","slug":"reactivan-construccion-de-escuelas-en-colon-para-garantizar-educacion-digna","status":"publish","type":"post","link":"https:\/\/girasolmultimedios.com\/portal\/reactivan-construccion-de-escuelas-en-colon-para-garantizar-educacion-digna\/","title":{"rendered":"Reactivan construcci\u00f3n de escuelas en Col\u00f3n para garantizar educaci\u00f3n digna"},"content":{"rendered":"\n<p>En Col\u00f3n se dio un importante impulso al sector educativo con la reanudaci\u00f3n de varios proyectos de infraestructura escolar que hab\u00edan quedado detenidos en administraciones anteriores.<\/p>\n\n\n\n<p>La gesti\u00f3n estuvo liderada por la diputada Ariana Melissa Banegas, quien coordin\u00f3 con Ren\u00e9 Mart\u00ednez, director del Fondo Hondure\u00f1o de Inversi\u00f3n Social (FHIS), la reactivaci\u00f3n de la construcci\u00f3n de distintos centros educativos, asegurando la asignaci\u00f3n de recursos y la supervisi\u00f3n de los trabajos.<\/p>\n\n\n\n<p>En el encuentro participaron tambi\u00e9n Carlos Mena, quien expres\u00f3 su preocupaci\u00f3n por las escuelas inconclusas, y el alcalde de Bonito Oriental, Iv\u00e1n Guardado, municipio donde varias obras quedaron abandonadas. El diputado Jos\u00e9 Antonio La\u00ednez respald\u00f3 la iniciativa.<\/p>\n\n\n\n<p>Los proyectos hab\u00edan sido suspendidos durante la gesti\u00f3n del partido Libertad y Refundaci\u00f3n (LIBRE), dejando a cientos de estudiantes sin acceso a instalaciones adecuadas. Con la reactivaci\u00f3n, se busca garantizar espacios dignos de aprendizaje y fortalecer la educaci\u00f3n en la regi\u00f3n.<\/p>\n\n\n\n<p>La diputada Banegas calific\u00f3 el acuerdo como \u201cun gran logro\u201d y reafirm\u00f3 que la educaci\u00f3n constituye una prioridad para el desarrollo de Col\u00f3n. Esta acci\u00f3n representa una respuesta concreta a las necesidades de las comunidades y un paso firme hacia la equidad educativa en Honduras.<\/p>\n","protected":false},"excerpt":{"rendered":"<p>En Col\u00f3n se dio un importante impulso al sector educativo con la reanudaci\u00f3n de varios proyectos de infraestructura escolar que hab\u00edan quedado detenidos en administraciones anteriores. La gesti\u00f3n estuvo liderada por la diputada Ariana Melissa Banegas, quien coordin\u00f3 con Ren\u00e9 Mart\u00ednez, director del Fondo Hondure\u00f1o de Inversi\u00f3n Social (FHIS), la reactivaci\u00f3n de la construcci\u00f3n de [&hellip;]<\/p>\n","protected":false},"author":2,"featured_media":4844,"comment_status":"closed","ping_status":"open","sticky":false,"template":"","format":"standard","meta":{"_seopress_robots_primary_cat":"","_seopress_titles_title":"","_seopress_titles_desc":"","_seopress_robots_index":"","footnotes":""},"categories":[1],"tags":[],"class_list":["post-4843","post","type-post","status-publish","format-standard","has-post-thumbnail","hentry","category-sin-categoria"],"_links":{"self":[{"href":"https:\/\/girasolmultimedios.com\/portal\/wp-json\/wp\/v2\/posts\/4843","targetHints":{"allow":["GET"]}}],"collection":[{"href":"https:\/\/girasolmultimedios.com\/portal\/wp-json\/wp\/v2\/posts"}],"about":[{"href":"https:\/\/girasolmultimedios.com\/portal\/wp-json\/wp\/v2\/types\/post"}],"author":[{"embeddable":true,"href":"https:\/\/girasolmultimedios.com\/portal\/wp-json\/wp\/v2\/users\/2"}],"replies":[{"embeddable":true,"href":"https:\/\/girasolmultimedios.com\/portal\/wp-json\/wp\/v2\/comments?post=4843"}],"version-history":[{"count":1,"href":"https:\/\/girasolmultimedios.com\/portal\/wp-json\/wp\/v2\/posts\/4843\/revisions"}],"predecessor-version":[{"id":4845,"href":"https:\/\/girasolmultimedios.com\/portal\/wp-json\/wp\/v2\/posts\/4843\/revisions\/4845"}],"wp:featuredmedia":[{"embeddable":true,"href":"https:\/\/girasolmultimedios.com\/portal\/wp-json\/wp\/v2\/media\/4844"}],"wp:attachment":[{"href":"https:\/\/girasolmultimedios.com\/portal\/wp-json\/wp\/v2\/media?parent=4843"}],"wp:term":[{"taxonomy":"category","embeddable":true,"href":"https:\/\/girasolmultimedios.com\/portal\/wp-json\/wp\/v2\/categories?post=4843"},{"taxonomy":"post_tag","embeddable":true,"href":"https:\/\/girasolmultimedios.com\/portal\/wp-json\/wp\/v2\/tags?post=4843"}],"curies":[{"name":"wp","href":"https:\/\/api.w.org\/{rel}","templated":true}]}}