{"id":4846,"date":"2026-03-23T07:09:42","date_gmt":"2026-03-23T13:09:42","guid":{"rendered":"https:\/\/girasolmultimedios.com\/portal\/?p=4846"},"modified":"2026-03-23T07:09:44","modified_gmt":"2026-03-23T13:09:44","slug":"palmerola-rinde-homenaje-a-retirados-y-reservistas-con-ceremonia-especial","status":"publish","type":"post","link":"https:\/\/girasolmultimedios.com\/portal\/palmerola-rinde-homenaje-a-retirados-y-reservistas-con-ceremonia-especial\/","title":{"rendered":"Palmerola rinde homenaje a retirados y reservistas con ceremonia especial"},"content":{"rendered":"\n<p>El Complejo Aeron\u00e1utico de Palmerola se llen\u00f3 de respeto y camarader\u00eda durante la Ceremonia del D\u00eda del Retirado y Reservistas, un evento destinado a reconocer la trayectoria y dedicaci\u00f3n de quienes sirvieron a la naci\u00f3n con disciplina y sacrificio.<\/p>\n\n\n\n<p>La actividad reuni\u00f3 a veteranos y reservistas, ofreci\u00e9ndoles atenci\u00f3n m\u00e9dica, asesor\u00eda legal, servicios psicol\u00f3gicos y barber\u00eda, adem\u00e1s de refrigerios y un almuerzo especial, como muestra de gratitud por su contribuci\u00f3n a la seguridad nacional.<\/p>\n\n\n\n<p>M\u00e1s all\u00e1 del protocolo, la ceremonia permiti\u00f3 el reencuentro de compa\u00f1eros, el intercambio de recuerdos y experiencias, y la reafirmaci\u00f3n del v\u00ednculo entre la instituci\u00f3n y quienes en su momento formaron parte de sus filas. Entre los homenajeados se destac\u00f3 Robien Antonio Villeda Espinoza, s\u00edmbolo del compromiso de varias generaciones.<\/p>\n\n\n\n<p>Autoridades de Palmerola enfatizaron que mantener viva la memoria de estos servidores inspira a las nuevas generaciones de oficiales y reservistas y refuerza la importancia de su legado en la construcci\u00f3n de la seguridad nacional.<\/p>\n\n\n\n<p>La jornada concluy\u00f3 con un ambiente de gratitud y emoci\u00f3n, consolidando el mensaje de que la naci\u00f3n honra y valora a quienes entregaron su esfuerzo por el bienestar colectivo y la defensa del pa\u00eds.<\/p>\n","protected":false},"excerpt":{"rendered":"<p>El Complejo Aeron\u00e1utico de Palmerola se llen\u00f3 de respeto y camarader\u00eda durante la Ceremonia del D\u00eda del Retirado y Reservistas, un evento destinado a reconocer la trayectoria y dedicaci\u00f3n de quienes sirvieron a la naci\u00f3n con disciplina y sacrificio. La actividad reuni\u00f3 a veteranos y reservistas, ofreci\u00e9ndoles atenci\u00f3n m\u00e9dica, asesor\u00eda legal, servicios psicol\u00f3gicos y barber\u00eda, [&hellip;]<\/p>\n","protected":false},"author":2,"featured_media":4847,"comment_status":"closed","ping_status":"open","sticky":false,"template":"","format":"standard","meta":{"_seopress_robots_primary_cat":"","_seopress_titles_title":"","_seopress_titles_desc":"","_seopress_robots_index":"","footnotes":""},"categories":[1],"tags":[],"class_list":["post-4846","post","type-post","status-publish","format-standard","has-post-thumbnail","hentry","category-sin-categoria"],"_links":{"self":[{"href":"https:\/\/girasolmultimedios.com\/portal\/wp-json\/wp\/v2\/posts\/4846","targetHints":{"allow":["GET"]}}],"collection":[{"href":"https:\/\/girasolmultimedios.com\/portal\/wp-json\/wp\/v2\/posts"}],"about":[{"href":"https:\/\/girasolmultimedios.com\/portal\/wp-json\/wp\/v2\/types\/post"}],"author":[{"embeddable":true,"href":"https:\/\/girasolmultimedios.com\/portal\/wp-json\/wp\/v2\/users\/2"}],"replies":[{"embeddable":true,"href":"https:\/\/girasolmultimedios.com\/portal\/wp-json\/wp\/v2\/comments?post=4846"}],"version-history":[{"count":1,"href":"https:\/\/girasolmultimedios.com\/portal\/wp-json\/wp\/v2\/posts\/4846\/revisions"}],"predecessor-version":[{"id":4848,"href":"https:\/\/girasolmultimedios.com\/portal\/wp-json\/wp\/v2\/posts\/4846\/revisions\/4848"}],"wp:featuredmedia":[{"embeddable":true,"href":"https:\/\/girasolmultimedios.com\/portal\/wp-json\/wp\/v2\/media\/4847"}],"wp:attachment":[{"href":"https:\/\/girasolmultimedios.com\/portal\/wp-json\/wp\/v2\/media?parent=4846"}],"wp:term":[{"taxonomy":"category","embeddable":true,"href":"https:\/\/girasolmultimedios.com\/portal\/wp-json\/wp\/v2\/categories?post=4846"},{"taxonomy":"post_tag","embeddable":true,"href":"https:\/\/girasolmultimedios.com\/portal\/wp-json\/wp\/v2\/tags?post=4846"}],"curies":[{"name":"wp","href":"https:\/\/api.w.org\/{rel}","templated":true}]}}