{"id":4852,"date":"2026-03-24T06:54:36","date_gmt":"2026-03-24T12:54:36","guid":{"rendered":"https:\/\/girasolmultimedios.com\/portal\/?p=4852"},"modified":"2026-03-24T06:54:37","modified_gmt":"2026-03-24T12:54:37","slug":"fiscal-general-enfrentara-audiencia-en-el-congreso-por-proceso-de-juicio-politico","status":"publish","type":"post","link":"https:\/\/girasolmultimedios.com\/portal\/fiscal-general-enfrentara-audiencia-en-el-congreso-por-proceso-de-juicio-politico\/","title":{"rendered":"Fiscal general enfrentar\u00e1 audiencia en el Congreso por proceso de juicio pol\u00edtico"},"content":{"rendered":"\n<p>El fiscal general de Honduras, Johel Antonio Zelaya \u00c1lvarez, deber\u00e1 presentarse este martes ante el Congreso Nacional de Honduras, como parte del proceso de juicio pol\u00edtico que se desarrolla en su contra.<\/p>\n\n\n\n<p>La comparecencia, programada para las 2:00 de la tarde, forma parte de una audiencia p\u00fablica convocada por una comisi\u00f3n especial del Legislativo, luego de que el pleno aprobara la admisi\u00f3n de una denuncia por supuestas faltas graves en el ejercicio de su cargo.<\/p>\n\n\n\n<p>Tras esta decisi\u00f3n, Zelaya fue separado temporalmente de sus funciones, quedando al frente de la instituci\u00f3n de manera interina el fiscal adjunto Marcio Caba\u00f1as.<\/p>\n\n\n\n<p>El equipo encargado de analizar el caso est\u00e1 conformado por nueve diputados y es dirigido por el congresista Mario P\u00e9rez, quienes deber\u00e1n investigar los se\u00f1alamientos y posteriormente presentar un informe ante el pleno del Congreso.<\/p>\n\n\n\n<p>Este hecho marca un precedente en el pa\u00eds, al tratarse de una de las primeras ocasiones en que se aplica este mecanismo constitucional contra un titular del Ministerio P\u00fablico en la historia reciente de Honduras.<\/p>\n","protected":false},"excerpt":{"rendered":"<p>El fiscal general de Honduras, Johel Antonio Zelaya \u00c1lvarez, deber\u00e1 presentarse este martes ante el Congreso Nacional de Honduras, como parte del proceso de juicio pol\u00edtico que se desarrolla en su contra. La comparecencia, programada para las 2:00 de la tarde, forma parte de una audiencia p\u00fablica convocada por una comisi\u00f3n especial del Legislativo, luego [&hellip;]<\/p>\n","protected":false},"author":2,"featured_media":4853,"comment_status":"closed","ping_status":"open","sticky":false,"template":"","format":"standard","meta":{"_seopress_robots_primary_cat":"","_seopress_titles_title":"","_seopress_titles_desc":"","_seopress_robots_index":"","footnotes":""},"categories":[1],"tags":[],"class_list":["post-4852","post","type-post","status-publish","format-standard","has-post-thumbnail","hentry","category-sin-categoria"],"_links":{"self":[{"href":"https:\/\/girasolmultimedios.com\/portal\/wp-json\/wp\/v2\/posts\/4852","targetHints":{"allow":["GET"]}}],"collection":[{"href":"https:\/\/girasolmultimedios.com\/portal\/wp-json\/wp\/v2\/posts"}],"about":[{"href":"https:\/\/girasolmultimedios.com\/portal\/wp-json\/wp\/v2\/types\/post"}],"author":[{"embeddable":true,"href":"https:\/\/girasolmultimedios.com\/portal\/wp-json\/wp\/v2\/users\/2"}],"replies":[{"embeddable":true,"href":"https:\/\/girasolmultimedios.com\/portal\/wp-json\/wp\/v2\/comments?post=4852"}],"version-history":[{"count":1,"href":"https:\/\/girasolmultimedios.com\/portal\/wp-json\/wp\/v2\/posts\/4852\/revisions"}],"predecessor-version":[{"id":4854,"href":"https:\/\/girasolmultimedios.com\/portal\/wp-json\/wp\/v2\/posts\/4852\/revisions\/4854"}],"wp:featuredmedia":[{"embeddable":true,"href":"https:\/\/girasolmultimedios.com\/portal\/wp-json\/wp\/v2\/media\/4853"}],"wp:attachment":[{"href":"https:\/\/girasolmultimedios.com\/portal\/wp-json\/wp\/v2\/media?parent=4852"}],"wp:term":[{"taxonomy":"category","embeddable":true,"href":"https:\/\/girasolmultimedios.com\/portal\/wp-json\/wp\/v2\/categories?post=4852"},{"taxonomy":"post_tag","embeddable":true,"href":"https:\/\/girasolmultimedios.com\/portal\/wp-json\/wp\/v2\/tags?post=4852"}],"curies":[{"name":"wp","href":"https:\/\/api.w.org\/{rel}","templated":true}]}}