{"id":4879,"date":"2026-03-24T08:25:22","date_gmt":"2026-03-24T14:25:22","guid":{"rendered":"https:\/\/girasolmultimedios.com\/portal\/?p=4879"},"modified":"2026-03-24T08:25:40","modified_gmt":"2026-03-24T14:25:40","slug":"suben-a-68-los-muertos-en-el-accidente-aereo-en-colombia-tras-el-hallazgo-de-dos-cuerpos","status":"publish","type":"post","link":"https:\/\/girasolmultimedios.com\/portal\/suben-a-68-los-muertos-en-el-accidente-aereo-en-colombia-tras-el-hallazgo-de-dos-cuerpos\/","title":{"rendered":"Suben a 68 los muertos en el accidente a\u00e9reo en Colombia tras el hallazgo de dos cuerpos"},"content":{"rendered":"\n<p>El n\u00famero de muertos en el accidente de un avi\u00f3n H\u00e9rcules C-130 de la Fuerza Aeroespacial Colombiana (FAC) ocurrido el lunes en Puerto Legu\u00edzamo, en el departamento amaz\u00f3nico de Putumayo, subi\u00f3 a 68 tras el hallazgo sin vida este martes de dos de los cuatro desaparecidos, inform\u00f3 el alcalde de ese municipio, Luis Emilio Bustos.<\/p>\n\n\n\n<p>\u00abNos acaba de subir el n\u00famero de fallecidos a 68; 68 confirmados que tenemos en la morgue municipal\u00bb, dijo Bustos en una entrevista con la emisora Blu Radio.<\/p>\n\n\n\n<h2 class=\"wp-block-heading\" id=\"h-dos-militares-dados-por-desaparecidos\">Dos militares dados por desaparecidos<\/h2>\n\n\n\n<p>El mandatario local explic\u00f3 que los cuerpos hallados corresponden a dos de los militares dados por desaparecidos tras el accidente, por lo que a\u00fan quedar\u00edan otros dos por ubicar.<\/p>\n\n\n\n<p>El accidente dej\u00f3 inicialmente 66 muertos, 57 heridos, cuatro desaparecidos y una persona ilesa, seg\u00fan el balance entregado anoche por las Fuerzas Militares, cifras que han ido cambiando a medida que avanzan las labores de b\u00fasqueda e identificaci\u00f3n.<\/p>\n\n\n\n<h2 class=\"wp-block-heading\" id=\"h-el-siniestro\">El siniestro<\/h2>\n\n\n\n<p>La aeronave, de matr\u00edcula FAC 1016, transportaba a 128 personas entre militares del Ej\u00e9rcito, tripulaci\u00f3n de la Fuerza Aeroespacial y dos miembros de la Polic\u00eda cuando se precipit\u00f3 a tierra y se incendi\u00f3 poco despu\u00e9s de despegar del aeropuerto de Puerto Legu\u00edzamo, en una zona selv\u00e1tica de dif\u00edcil acceso del sur del pa\u00eds.<\/p>\n\n\n\n<p>Las labores de rescate contin\u00faan con apoyo de las Fuerzas Militares y organismos de socorro, en un \u00e1rea de dif\u00edcil acceso donde las condiciones geogr\u00e1ficas han complicado la localizaci\u00f3n de los desaparecidos.<\/p>\n\n\n\n<h2 class=\"wp-block-heading\" id=\"h-atencion-a-los-heridos\">Atenci\u00f3n a los heridos<\/h2>\n\n\n\n<p>Entretanto, los heridos son atendidos en hospitales de Bogot\u00e1 y otras ciudades, a donde fueron trasladados por v\u00eda a\u00e9rea debido a la limitada capacidad hospitalaria de Puerto Legu\u00edzamo.<\/p>\n\n\n\n<p>En ese sentido, el Hospital Militar Central, en Bogot\u00e1, inform\u00f3 este martes de que han sido ingresados 24 pacientes heridos en el accidente, entre ellos uno de los rescatistas que se encontraban en la zona.<\/p>\n\n\n\n<p>Las autoridades avanzan en la identificaci\u00f3n de las v\u00edctimas y en la investigaci\u00f3n para determinar las causas del accidente, del que el Ministerio de Defensa descart\u00f3 que haya sido producido por un atentado de las disidencias de las FARC que operan en la zona.<\/p>\n\n\n\n<h2 class=\"wp-block-heading\">Lo que se sabe del accidente<\/h2>\n\n\n\n<p>El accidente ocurri\u00f3 a las 9:50 hora local (14:50 GMT), cuando la aeronave FAC 1016, que cubr\u00eda la ruta entre Puerto Legu\u00edzamo y Puerto As\u00eds, se precipit\u00f3 a tierra y se incendi\u00f3 poco despu\u00e9s de despegar, por causas que a\u00fan son materia de investigaci\u00f3n.<\/p>\n\n\n\n<p>\u00abDe acuerdo con la informaci\u00f3n disponible hasta el momento, no hay indicios de un ataque por parte de actores ilegales\u00bb, agreg\u00f3 el titular de Defensa, ya que en la zona operan varias disidencias de la antigua guerrilla de las FARC, como los llamados Comandos de Frontera y el Frente Carolina Ram\u00edrez, que controlan los cultivos il\u00edcitos el Putumayo.<\/p>\n\n\n\n<p>Seg\u00fan el portal especializado SA Defensa, el avi\u00f3n accidentado ten\u00eda 43 a\u00f1os de uso pues en 1983 entr\u00f3 en servicio en la Fuerza A\u00e9rea de Estados Unidos, que en 2020 lo pas\u00f3 a la Fuerza A\u00e9rea Colombiana.<\/p>\n\n\n\n<p>En videos difundidos en redes sociales se observa una gran columna de humo en la zona del\u00a0accidente\u00a0y restos de la aeronave esparcidos, mientras militares y habitantes del sector se acercan al lugar para ayudar en las labores de rescate. EFE<\/p>\n","protected":false},"excerpt":{"rendered":"<p>El n\u00famero de muertos en el accidente de un avi\u00f3n H\u00e9rcules C-130 de la Fuerza Aeroespacial Colombiana (FAC) ocurrido el lunes en Puerto Legu\u00edzamo, en el departamento amaz\u00f3nico de Putumayo, subi\u00f3 a 68 tras el hallazgo sin vida este martes de dos de los cuatro desaparecidos, inform\u00f3 el alcalde de ese municipio, Luis Emilio Bustos. [&hellip;]<\/p>\n","protected":false},"author":2,"featured_media":4880,"comment_status":"closed","ping_status":"open","sticky":false,"template":"","format":"standard","meta":{"_seopress_robots_primary_cat":"","_seopress_titles_title":"","_seopress_titles_desc":"","_seopress_robots_index":"","footnotes":""},"categories":[45],"tags":[],"class_list":["post-4879","post","type-post","status-publish","format-standard","has-post-thumbnail","hentry","category-internacionales"],"_links":{"self":[{"href":"https:\/\/girasolmultimedios.com\/portal\/wp-json\/wp\/v2\/posts\/4879","targetHints":{"allow":["GET"]}}],"collection":[{"href":"https:\/\/girasolmultimedios.com\/portal\/wp-json\/wp\/v2\/posts"}],"about":[{"href":"https:\/\/girasolmultimedios.com\/portal\/wp-json\/wp\/v2\/types\/post"}],"author":[{"embeddable":true,"href":"https:\/\/girasolmultimedios.com\/portal\/wp-json\/wp\/v2\/users\/2"}],"replies":[{"embeddable":true,"href":"https:\/\/girasolmultimedios.com\/portal\/wp-json\/wp\/v2\/comments?post=4879"}],"version-history":[{"count":2,"href":"https:\/\/girasolmultimedios.com\/portal\/wp-json\/wp\/v2\/posts\/4879\/revisions"}],"predecessor-version":[{"id":4883,"href":"https:\/\/girasolmultimedios.com\/portal\/wp-json\/wp\/v2\/posts\/4879\/revisions\/4883"}],"wp:featuredmedia":[{"embeddable":true,"href":"https:\/\/girasolmultimedios.com\/portal\/wp-json\/wp\/v2\/media\/4880"}],"wp:attachment":[{"href":"https:\/\/girasolmultimedios.com\/portal\/wp-json\/wp\/v2\/media?parent=4879"}],"wp:term":[{"taxonomy":"category","embeddable":true,"href":"https:\/\/girasolmultimedios.com\/portal\/wp-json\/wp\/v2\/categories?post=4879"},{"taxonomy":"post_tag","embeddable":true,"href":"https:\/\/girasolmultimedios.com\/portal\/wp-json\/wp\/v2\/tags?post=4879"}],"curies":[{"name":"wp","href":"https:\/\/api.w.org\/{rel}","templated":true}]}}