{"id":4894,"date":"2026-03-25T06:51:55","date_gmt":"2026-03-25T12:51:55","guid":{"rendered":"https:\/\/girasolmultimedios.com\/portal\/?p=4894"},"modified":"2026-03-25T06:51:56","modified_gmt":"2026-03-25T12:51:56","slug":"alta-participacion-marca-feria-de-empleo-en-la-unah","status":"publish","type":"post","link":"https:\/\/girasolmultimedios.com\/portal\/alta-participacion-marca-feria-de-empleo-en-la-unah\/","title":{"rendered":"Alta participaci\u00f3n marca feria de empleo en la UNAH"},"content":{"rendered":"\n<p>Una amplia afluencia de aspirantes evidenci\u00f3 la necesidad de trabajo en el pa\u00eds durante una jornada de reclutamiento realizada en la Universidad Nacional Aut\u00f3noma de Honduras, donde la cantidad de interesados super\u00f3 considerablemente las plazas disponibles.<\/p>\n\n\n\n<p>El evento, denominado \u201cEspacio de Oportunidades Laborales: Conectando mi Talento\u201d, reuni\u00f3 a decenas de empresas que ofrecieron m\u00e1s de 350 vacantes, mientras que alrededor de 1,300 personas se registraron con la esperanza de acceder a un empleo.<\/p>\n\n\n\n<p>La actividad estuvo dirigida principalmente a j\u00f3venes profesionales y migrantes retornados, con el prop\u00f3sito de facilitar su incorporaci\u00f3n al mercado laboral mediante un contacto directo con empleadores.<\/p>\n\n\n\n<p>En total, participaron 33 compa\u00f1\u00edas de distintos sectores, incluyendo \u00e1reas como banca, salud, comercio, tecnolog\u00eda y telecomunicaciones, lo que permiti\u00f3 abarcar una amplia variedad de perfiles tanto t\u00e9cnicos como profesionales.<\/p>\n\n\n\n<p>La iniciativa fue organizada por la UNAH en conjunto con la ADRA Honduras y la C\u00e1mara de Comercio e Industria de Tegucigalpa, como parte de un esfuerzo conjunto para impulsar la empleabilidad en el pa\u00eds.<\/p>\n\n\n\n<p>Este tipo de actividades busca reducir la brecha entre la formaci\u00f3n acad\u00e9mica y las oportunidades laborales, especialmente en sectores vulnerables, promoviendo as\u00ed el desarrollo del talento humano y el crecimiento econ\u00f3mico.<\/p>\n\n\n\n<p>La alta demanda registrada refleja los retos actuales del mercado laboral hondure\u00f1o, donde cada vez m\u00e1s personas buscan espacios que les permitan acceder a un trabajo digno.<\/p>\n","protected":false},"excerpt":{"rendered":"<p>Una amplia afluencia de aspirantes evidenci\u00f3 la necesidad de trabajo en el pa\u00eds durante una jornada de reclutamiento realizada en la Universidad Nacional Aut\u00f3noma de Honduras, donde la cantidad de interesados super\u00f3 considerablemente las plazas disponibles. El evento, denominado \u201cEspacio de Oportunidades Laborales: Conectando mi Talento\u201d, reuni\u00f3 a decenas de empresas que ofrecieron m\u00e1s de [&hellip;]<\/p>\n","protected":false},"author":2,"featured_media":4895,"comment_status":"closed","ping_status":"open","sticky":false,"template":"","format":"standard","meta":{"_seopress_robots_primary_cat":"","_seopress_titles_title":"","_seopress_titles_desc":"","_seopress_robots_index":"","footnotes":""},"categories":[1],"tags":[],"class_list":["post-4894","post","type-post","status-publish","format-standard","has-post-thumbnail","hentry","category-sin-categoria"],"_links":{"self":[{"href":"https:\/\/girasolmultimedios.com\/portal\/wp-json\/wp\/v2\/posts\/4894","targetHints":{"allow":["GET"]}}],"collection":[{"href":"https:\/\/girasolmultimedios.com\/portal\/wp-json\/wp\/v2\/posts"}],"about":[{"href":"https:\/\/girasolmultimedios.com\/portal\/wp-json\/wp\/v2\/types\/post"}],"author":[{"embeddable":true,"href":"https:\/\/girasolmultimedios.com\/portal\/wp-json\/wp\/v2\/users\/2"}],"replies":[{"embeddable":true,"href":"https:\/\/girasolmultimedios.com\/portal\/wp-json\/wp\/v2\/comments?post=4894"}],"version-history":[{"count":1,"href":"https:\/\/girasolmultimedios.com\/portal\/wp-json\/wp\/v2\/posts\/4894\/revisions"}],"predecessor-version":[{"id":4896,"href":"https:\/\/girasolmultimedios.com\/portal\/wp-json\/wp\/v2\/posts\/4894\/revisions\/4896"}],"wp:featuredmedia":[{"embeddable":true,"href":"https:\/\/girasolmultimedios.com\/portal\/wp-json\/wp\/v2\/media\/4895"}],"wp:attachment":[{"href":"https:\/\/girasolmultimedios.com\/portal\/wp-json\/wp\/v2\/media?parent=4894"}],"wp:term":[{"taxonomy":"category","embeddable":true,"href":"https:\/\/girasolmultimedios.com\/portal\/wp-json\/wp\/v2\/categories?post=4894"},{"taxonomy":"post_tag","embeddable":true,"href":"https:\/\/girasolmultimedios.com\/portal\/wp-json\/wp\/v2\/tags?post=4894"}],"curies":[{"name":"wp","href":"https:\/\/api.w.org\/{rel}","templated":true}]}}