{"id":4897,"date":"2026-03-25T06:53:26","date_gmt":"2026-03-25T12:53:26","guid":{"rendered":"https:\/\/girasolmultimedios.com\/portal\/?p=4897"},"modified":"2026-03-25T06:53:27","modified_gmt":"2026-03-25T12:53:27","slug":"testimonios-senalan-supuestos-abusos-durante-gestion-del-fiscal-suspendido","status":"publish","type":"post","link":"https:\/\/girasolmultimedios.com\/portal\/testimonios-senalan-supuestos-abusos-durante-gestion-del-fiscal-suspendido\/","title":{"rendered":"Testimonios se\u00f1alan supuestos abusos durante gesti\u00f3n del fiscal suspendido"},"content":{"rendered":"\n<p>La comisi\u00f3n especial del Congreso Nacional de Honduras que analiza el juicio pol\u00edtico contra el fiscal suspendido Johel Antonio Zelaya \u00c1lvarez avanz\u00f3 en la etapa de declaraciones, donde varios testigos expusieron presuntas irregularidades ocurridas durante su administraci\u00f3n.<\/p>\n\n\n\n<p>Entre los comparecientes, Ra\u00fal Am\u00edlcar Rivera Montoya relat\u00f3 que fue se\u00f1alado p\u00fablicamente sin haber pasado por un proceso judicial previo, lo que \u2014seg\u00fan indic\u00f3\u2014 afect\u00f3 su reputaci\u00f3n y le gener\u00f3 consecuencias tanto laborales como personales.<\/p>\n\n\n\n<p>El testigo sostuvo que su trabajo dentro del Consejo Nacional Electoral se limitaba a funciones t\u00e9cnicas, rechazando cualquier responsabilidad en fallas relacionadas con la log\u00edstica electoral. Adem\u00e1s, cuestion\u00f3 que se le atribuyeran responsabilidades que no correspond\u00edan a su cargo.<\/p>\n\n\n\n<p>Otro de los testimonios fue el de Dennis Emilio H\u00e9rcules Rosa, quien denunci\u00f3 haber sido objeto de un proceso que, a su juicio, careci\u00f3 de garant\u00edas legales. Seg\u00fan afirm\u00f3, las acusaciones en su contra no contaban con sustento suficiente y respond\u00edan a una aplicaci\u00f3n selectiva de la justicia.<\/p>\n\n\n\n<p>H\u00e9rcules se\u00f1al\u00f3 que las investigaciones se enfocaron \u00fanicamente en determinados exfuncionarios, dejando fuera a otros actores que tambi\u00e9n habr\u00edan tenido participaci\u00f3n en los hechos relacionados con las elecciones primarias de 2025.<\/p>\n\n\n\n<p>Estas declaraciones forman parte de la fase de recopilaci\u00f3n de pruebas y testimonios dentro del proceso, en la que la comisi\u00f3n deber\u00e1 valorar los se\u00f1alamientos antes de emitir un informe final al pleno del Congreso.<\/p>\n\n\n\n<p>El desarrollo de esta etapa mantiene la atenci\u00f3n p\u00fablica, debido a las implicaciones pol\u00edticas y legales que podr\u00eda tener el resultado del juicio pol\u00edtico.<\/p>\n","protected":false},"excerpt":{"rendered":"<p>La comisi\u00f3n especial del Congreso Nacional de Honduras que analiza el juicio pol\u00edtico contra el fiscal suspendido Johel Antonio Zelaya \u00c1lvarez avanz\u00f3 en la etapa de declaraciones, donde varios testigos expusieron presuntas irregularidades ocurridas durante su administraci\u00f3n. Entre los comparecientes, Ra\u00fal Am\u00edlcar Rivera Montoya relat\u00f3 que fue se\u00f1alado p\u00fablicamente sin haber pasado por un proceso [&hellip;]<\/p>\n","protected":false},"author":2,"featured_media":4898,"comment_status":"closed","ping_status":"open","sticky":false,"template":"","format":"standard","meta":{"_seopress_robots_primary_cat":"","_seopress_titles_title":"","_seopress_titles_desc":"","_seopress_robots_index":"","footnotes":""},"categories":[1],"tags":[],"class_list":["post-4897","post","type-post","status-publish","format-standard","has-post-thumbnail","hentry","category-sin-categoria"],"_links":{"self":[{"href":"https:\/\/girasolmultimedios.com\/portal\/wp-json\/wp\/v2\/posts\/4897","targetHints":{"allow":["GET"]}}],"collection":[{"href":"https:\/\/girasolmultimedios.com\/portal\/wp-json\/wp\/v2\/posts"}],"about":[{"href":"https:\/\/girasolmultimedios.com\/portal\/wp-json\/wp\/v2\/types\/post"}],"author":[{"embeddable":true,"href":"https:\/\/girasolmultimedios.com\/portal\/wp-json\/wp\/v2\/users\/2"}],"replies":[{"embeddable":true,"href":"https:\/\/girasolmultimedios.com\/portal\/wp-json\/wp\/v2\/comments?post=4897"}],"version-history":[{"count":1,"href":"https:\/\/girasolmultimedios.com\/portal\/wp-json\/wp\/v2\/posts\/4897\/revisions"}],"predecessor-version":[{"id":4899,"href":"https:\/\/girasolmultimedios.com\/portal\/wp-json\/wp\/v2\/posts\/4897\/revisions\/4899"}],"wp:featuredmedia":[{"embeddable":true,"href":"https:\/\/girasolmultimedios.com\/portal\/wp-json\/wp\/v2\/media\/4898"}],"wp:attachment":[{"href":"https:\/\/girasolmultimedios.com\/portal\/wp-json\/wp\/v2\/media?parent=4897"}],"wp:term":[{"taxonomy":"category","embeddable":true,"href":"https:\/\/girasolmultimedios.com\/portal\/wp-json\/wp\/v2\/categories?post=4897"},{"taxonomy":"post_tag","embeddable":true,"href":"https:\/\/girasolmultimedios.com\/portal\/wp-json\/wp\/v2\/tags?post=4897"}],"curies":[{"name":"wp","href":"https:\/\/api.w.org\/{rel}","templated":true}]}}