{"id":4900,"date":"2026-03-25T06:56:41","date_gmt":"2026-03-25T12:56:41","guid":{"rendered":"https:\/\/girasolmultimedios.com\/portal\/?p=4900"},"modified":"2026-03-25T06:56:42","modified_gmt":"2026-03-25T12:56:42","slug":"el-salvador-cumple-cuatro-anos-bajo-regimen-de-excepcion-entre-logros-y-criticas","status":"publish","type":"post","link":"https:\/\/girasolmultimedios.com\/portal\/el-salvador-cumple-cuatro-anos-bajo-regimen-de-excepcion-entre-logros-y-criticas\/","title":{"rendered":"El Salvador cumple cuatro a\u00f1os bajo r\u00e9gimen de excepci\u00f3n entre logros y cr\u00edticas"},"content":{"rendered":"\n<p>El El Salvador llega a cuatro a\u00f1os bajo un r\u00e9gimen de excepci\u00f3n implementado por el gobierno de Nayib Bukele, una medida de seguridad que ha generado tanto respaldo ciudadano como fuertes cuestionamientos por su impacto en los derechos humanos.<\/p>\n\n\n\n<h3 class=\"wp-block-heading\">Origen de la medida<\/h3>\n\n\n\n<p>El r\u00e9gimen fue aprobado en marzo de 2022 por la Asamblea Legislativa tras una ola de violencia que dej\u00f3 m\u00e1s de 80 homicidios en un solo fin de semana. Desde entonces, el gobierno lo ha mantenido como herramienta principal para combatir a las pandillas y recuperar territorios.<\/p>\n\n\n\n<h3 class=\"wp-block-heading\">Cuatro a\u00f1os en vigencia<\/h3>\n\n\n\n<p>Aunque inicialmente fue planteado como una acci\u00f3n temporal, la medida ha sido prorrogada en m\u00faltiples ocasiones, consolid\u00e1ndose como un mecanismo permanente dentro de la estrategia de seguridad. Entre sus disposiciones destaca la suspensi\u00f3n de ciertos derechos y la ampliaci\u00f3n del periodo de detenci\u00f3n administrativa.<\/p>\n\n\n\n<h3 class=\"wp-block-heading\">Se\u00f1alamientos por abusos<\/h3>\n\n\n\n<p>Organismos de derechos humanos han documentado miles de denuncias por presuntas violaciones, incluyendo detenciones arbitrarias y abusos por parte de fuerzas de seguridad. Incluso el propio gobierno ha reconocido que entre los detenidos hay personas sin v\u00ednculos comprobados con estructuras criminales.<\/p>\n\n\n\n<h3 class=\"wp-block-heading\">Respaldo ciudadano<\/h3>\n\n\n\n<p>A pesar de las cr\u00edticas, la estrategia mantiene un alto nivel de aprobaci\u00f3n entre la poblaci\u00f3n, principalmente por la reducci\u00f3n significativa de los \u00edndices de homicidios, lo que ha mejorado la percepci\u00f3n de seguridad en el pa\u00eds.<\/p>\n\n\n\n<h3 class=\"wp-block-heading\">Debate internacional<\/h3>\n\n\n\n<p>El r\u00e9gimen tambi\u00e9n ha sido objeto de an\u00e1lisis por parte de organismos como la Comisi\u00f3n Interamericana de Derechos Humanos y la Organizaci\u00f3n de las Naciones Unidas, donde se han presentado informes que advierten sobre posibles violaciones graves a los derechos humanos.<\/p>\n\n\n\n<p>Mientras el gobierno defiende la medida como un \u00e9xito en materia de seguridad, el debate contin\u00faa abierto entre quienes priorizan los resultados y quienes advierten sobre los riesgos para el Estado de derecho.<\/p>\n","protected":false},"excerpt":{"rendered":"<p>El El Salvador llega a cuatro a\u00f1os bajo un r\u00e9gimen de excepci\u00f3n implementado por el gobierno de Nayib Bukele, una medida de seguridad que ha generado tanto respaldo ciudadano como fuertes cuestionamientos por su impacto en los derechos humanos. Origen de la medida El r\u00e9gimen fue aprobado en marzo de 2022 por la Asamblea Legislativa [&hellip;]<\/p>\n","protected":false},"author":2,"featured_media":4901,"comment_status":"closed","ping_status":"open","sticky":false,"template":"","format":"standard","meta":{"_seopress_robots_primary_cat":"","_seopress_titles_title":"","_seopress_titles_desc":"","_seopress_robots_index":"","footnotes":""},"categories":[1],"tags":[],"class_list":["post-4900","post","type-post","status-publish","format-standard","has-post-thumbnail","hentry","category-sin-categoria"],"_links":{"self":[{"href":"https:\/\/girasolmultimedios.com\/portal\/wp-json\/wp\/v2\/posts\/4900","targetHints":{"allow":["GET"]}}],"collection":[{"href":"https:\/\/girasolmultimedios.com\/portal\/wp-json\/wp\/v2\/posts"}],"about":[{"href":"https:\/\/girasolmultimedios.com\/portal\/wp-json\/wp\/v2\/types\/post"}],"author":[{"embeddable":true,"href":"https:\/\/girasolmultimedios.com\/portal\/wp-json\/wp\/v2\/users\/2"}],"replies":[{"embeddable":true,"href":"https:\/\/girasolmultimedios.com\/portal\/wp-json\/wp\/v2\/comments?post=4900"}],"version-history":[{"count":1,"href":"https:\/\/girasolmultimedios.com\/portal\/wp-json\/wp\/v2\/posts\/4900\/revisions"}],"predecessor-version":[{"id":4902,"href":"https:\/\/girasolmultimedios.com\/portal\/wp-json\/wp\/v2\/posts\/4900\/revisions\/4902"}],"wp:featuredmedia":[{"embeddable":true,"href":"https:\/\/girasolmultimedios.com\/portal\/wp-json\/wp\/v2\/media\/4901"}],"wp:attachment":[{"href":"https:\/\/girasolmultimedios.com\/portal\/wp-json\/wp\/v2\/media?parent=4900"}],"wp:term":[{"taxonomy":"category","embeddable":true,"href":"https:\/\/girasolmultimedios.com\/portal\/wp-json\/wp\/v2\/categories?post=4900"},{"taxonomy":"post_tag","embeddable":true,"href":"https:\/\/girasolmultimedios.com\/portal\/wp-json\/wp\/v2\/tags?post=4900"}],"curies":[{"name":"wp","href":"https:\/\/api.w.org\/{rel}","templated":true}]}}