{"id":4903,"date":"2026-03-25T06:58:24","date_gmt":"2026-03-25T12:58:24","guid":{"rendered":"https:\/\/girasolmultimedios.com\/portal\/?p=4903"},"modified":"2026-03-25T06:58:25","modified_gmt":"2026-03-25T12:58:25","slug":"ihss-suspendera-consulta-externa-durante-semana-santa","status":"publish","type":"post","link":"https:\/\/girasolmultimedios.com\/portal\/ihss-suspendera-consulta-externa-durante-semana-santa\/","title":{"rendered":"IHSS suspender\u00e1 consulta externa durante Semana Santa"},"content":{"rendered":"\n<p>El Instituto Hondure\u00f1o de Seguridad Social inform\u00f3 que suspender\u00e1 temporalmente la atenci\u00f3n en consulta externa a partir del lunes 30 de marzo, como parte de las disposiciones adoptadas durante la Semana Santa.<\/p>\n\n\n\n<p>De acuerdo con el comunicado oficial, tanto las consultas m\u00e9dicas como los servicios administrativos permanecer\u00e1n inactivos en todo el pa\u00eds hasta el lunes 6 de abril, fecha en la que se retomar\u00e1n las actividades con normalidad.<\/p>\n\n\n\n<p>No obstante, la instituci\u00f3n aclar\u00f3 que \u00e1reas esenciales como emergencias, hospitalizaci\u00f3n y hemodi\u00e1lisis continuar\u00e1n operando sin interrupciones, especialmente en centros como el Hospital de Especialidades en Tegucigalpa y el Hospital Regional del Norte en San Pedro Sula, as\u00ed como en cl\u00ednicas subrogadas.<\/p>\n\n\n\n<p>Asimismo, se anunci\u00f3 que la Cl\u00ednica Perif\u00e9rica n\u00famero 1 brindar\u00e1 atenci\u00f3n especial el domingo 5 de abril, en horario de 7:00 de la ma\u00f1ana a 7:00 de la noche.<\/p>\n\n\n\n<p>En cuanto a los medicamentos, las farmacias del IHSS estar\u00e1n adelantando la entrega de tratamientos hasta el 27 de marzo, con el fin de evitar inconvenientes a los pacientes durante el cierre.<\/p>\n\n\n\n<p>Las autoridades tambi\u00e9n recomendaron a los afiliados mantener actualizada su informaci\u00f3n personal, considerando que durante este per\u00edodo muchas personas se movilizan por actividades religiosas o recreativas en distintas zonas del pa\u00eds.<\/p>\n","protected":false},"excerpt":{"rendered":"<p>El Instituto Hondure\u00f1o de Seguridad Social inform\u00f3 que suspender\u00e1 temporalmente la atenci\u00f3n en consulta externa a partir del lunes 30 de marzo, como parte de las disposiciones adoptadas durante la Semana Santa. De acuerdo con el comunicado oficial, tanto las consultas m\u00e9dicas como los servicios administrativos permanecer\u00e1n inactivos en todo el pa\u00eds hasta el lunes [&hellip;]<\/p>\n","protected":false},"author":2,"featured_media":4904,"comment_status":"closed","ping_status":"open","sticky":false,"template":"","format":"standard","meta":{"_seopress_robots_primary_cat":"","_seopress_titles_title":"","_seopress_titles_desc":"","_seopress_robots_index":"","footnotes":""},"categories":[1],"tags":[],"class_list":["post-4903","post","type-post","status-publish","format-standard","has-post-thumbnail","hentry","category-sin-categoria"],"_links":{"self":[{"href":"https:\/\/girasolmultimedios.com\/portal\/wp-json\/wp\/v2\/posts\/4903","targetHints":{"allow":["GET"]}}],"collection":[{"href":"https:\/\/girasolmultimedios.com\/portal\/wp-json\/wp\/v2\/posts"}],"about":[{"href":"https:\/\/girasolmultimedios.com\/portal\/wp-json\/wp\/v2\/types\/post"}],"author":[{"embeddable":true,"href":"https:\/\/girasolmultimedios.com\/portal\/wp-json\/wp\/v2\/users\/2"}],"replies":[{"embeddable":true,"href":"https:\/\/girasolmultimedios.com\/portal\/wp-json\/wp\/v2\/comments?post=4903"}],"version-history":[{"count":1,"href":"https:\/\/girasolmultimedios.com\/portal\/wp-json\/wp\/v2\/posts\/4903\/revisions"}],"predecessor-version":[{"id":4905,"href":"https:\/\/girasolmultimedios.com\/portal\/wp-json\/wp\/v2\/posts\/4903\/revisions\/4905"}],"wp:featuredmedia":[{"embeddable":true,"href":"https:\/\/girasolmultimedios.com\/portal\/wp-json\/wp\/v2\/media\/4904"}],"wp:attachment":[{"href":"https:\/\/girasolmultimedios.com\/portal\/wp-json\/wp\/v2\/media?parent=4903"}],"wp:term":[{"taxonomy":"category","embeddable":true,"href":"https:\/\/girasolmultimedios.com\/portal\/wp-json\/wp\/v2\/categories?post=4903"},{"taxonomy":"post_tag","embeddable":true,"href":"https:\/\/girasolmultimedios.com\/portal\/wp-json\/wp\/v2\/tags?post=4903"}],"curies":[{"name":"wp","href":"https:\/\/api.w.org\/{rel}","templated":true}]}}