{"id":5011,"date":"2026-03-30T08:48:02","date_gmt":"2026-03-30T14:48:02","guid":{"rendered":"https:\/\/girasolmultimedios.com\/portal\/?p=5011"},"modified":"2026-03-30T08:48:14","modified_gmt":"2026-03-30T14:48:14","slug":"el-parlamento-irani-debate-la-salida-de-iran-del-tratado-de-no-proliferacion-nuclear","status":"publish","type":"post","link":"https:\/\/girasolmultimedios.com\/portal\/el-parlamento-irani-debate-la-salida-de-iran-del-tratado-de-no-proliferacion-nuclear\/","title":{"rendered":"El Parlamento iran\u00ed debate la salida de Ir\u00e1n del Tratado de No Proliferaci\u00f3n Nuclear"},"content":{"rendered":"\n<p>El Parlamento de Ir\u00e1n debate la salida del pa\u00eds del Tratado de No Proliferaci\u00f3n Nuclear (TNP) tras la guerra iniciada por Estados Unidos e Israel el 28 de febrero, inform\u00f3 este lunes el portavoz del Ministerio de Exteriores iran\u00ed, Ismail Bagaei.<\/p>\n\n\n\n<p>\u201cEste asunto est\u00e1 siendo debatido en el Parlamento y en la opini\u00f3n p\u00fablica, y es una cuesti\u00f3n importante y de gran calado cuya respuesta no es sencilla\u201d, dijo en una rueda de prensa Bagaei.<\/p>\n\n\n\n<h2 class=\"wp-block-heading\" id=\"h-un-tratado-cuestionado-por-la-opinion-publica-irani\">Un tratado cuestionado por la opini\u00f3n p\u00fablica iran\u00ed<\/h2>\n\n\n\n<p>Seg\u00fan el diplom\u00e1tico, la opini\u00f3n p\u00fablica iran\u00ed pone en cuesti\u00f3n el beneficio de pertenecer al TNP si \u201clas grandes potencias, a nivel internacional, impiden que Ir\u00e1n disfrute de los derechos contemplados en \u00e9l\u201d.<\/p>\n\n\n\n<p>\u201cSi la pertenencia a este tratado se reduce \u00fanicamente a un nombre o a un papel, y si Ir\u00e1n no solo no puede beneficiarse de esos derechos, sino que adem\u00e1s es objeto de agresi\u00f3n e injusticia, \u00bfqu\u00e9 sentido tiene tal membres\u00eda?\u201d, se pregunt\u00f3.<\/p>\n\n\n\n<p>A pesar de ello, Bagaei asegur\u00f3 que el pa\u00eds contin\u00faa cumpliendo con las obligaciones establecidas en TNP y repiti\u00f3 la postura oficial de la Rep\u00fablica Isl\u00e1mica de que no busca armas nucleares.<\/p>\n\n\n\n<h2 class=\"wp-block-heading\" id=\"h-una-idea-aplazada-por-las-sanciones\">Una idea aplazada por las sanciones<\/h2>\n\n\n\n<p>Parlamentarios iran\u00edes ya anunciaron el pasado agosto la presentaci\u00f3n de un proyecto de ley para abandonar el TNP\u00a0del que finalmente no se mencion\u00f3 nada m\u00e1s, despu\u00e9s de que los pa\u00edses europeos iniciaran un proceso para reimponer en 30 d\u00edas las sanciones de Naciones Unidas.<\/p>\n\n\n\n<p>Meses m\u00e1s tarde, en octubre, el jefe de la Agencia de la Energ\u00eda At\u00f3mica de Ir\u00e1n (AEAI) y tambi\u00e9n vicepresidente , Mohamed Eslami, afirm\u00f3 que la salida de su pa\u00eds del tratado no estaba en la agenda tras la reimposici\u00f3n de las sanciones de Naciones Unidas.<\/p>\n\n\n\n<p>Ir\u00e1n se uni\u00f3 en 1970 al TNP, acuerdo que compromete a los pa\u00edses firmantes a no desarrollar armas nucleares y ser objeto de inspecciones por parte de la agencia nuclear de la ONU. EFE<\/p>\n","protected":false},"excerpt":{"rendered":"<p>El Parlamento de Ir\u00e1n debate la salida del pa\u00eds del Tratado de No Proliferaci\u00f3n Nuclear (TNP) tras la guerra iniciada por Estados Unidos e Israel el 28 de febrero, inform\u00f3 este lunes el portavoz del Ministerio de Exteriores iran\u00ed, Ismail Bagaei. \u201cEste asunto est\u00e1 siendo debatido en el Parlamento y en la opini\u00f3n p\u00fablica, y [&hellip;]<\/p>\n","protected":false},"author":2,"featured_media":5012,"comment_status":"closed","ping_status":"open","sticky":false,"template":"","format":"standard","meta":{"_seopress_robots_primary_cat":"","_seopress_titles_title":"","_seopress_titles_desc":"","_seopress_robots_index":"","footnotes":""},"categories":[45],"tags":[],"class_list":["post-5011","post","type-post","status-publish","format-standard","has-post-thumbnail","hentry","category-internacionales"],"_links":{"self":[{"href":"https:\/\/girasolmultimedios.com\/portal\/wp-json\/wp\/v2\/posts\/5011","targetHints":{"allow":["GET"]}}],"collection":[{"href":"https:\/\/girasolmultimedios.com\/portal\/wp-json\/wp\/v2\/posts"}],"about":[{"href":"https:\/\/girasolmultimedios.com\/portal\/wp-json\/wp\/v2\/types\/post"}],"author":[{"embeddable":true,"href":"https:\/\/girasolmultimedios.com\/portal\/wp-json\/wp\/v2\/users\/2"}],"replies":[{"embeddable":true,"href":"https:\/\/girasolmultimedios.com\/portal\/wp-json\/wp\/v2\/comments?post=5011"}],"version-history":[{"count":2,"href":"https:\/\/girasolmultimedios.com\/portal\/wp-json\/wp\/v2\/posts\/5011\/revisions"}],"predecessor-version":[{"id":5014,"href":"https:\/\/girasolmultimedios.com\/portal\/wp-json\/wp\/v2\/posts\/5011\/revisions\/5014"}],"wp:featuredmedia":[{"embeddable":true,"href":"https:\/\/girasolmultimedios.com\/portal\/wp-json\/wp\/v2\/media\/5012"}],"wp:attachment":[{"href":"https:\/\/girasolmultimedios.com\/portal\/wp-json\/wp\/v2\/media?parent=5011"}],"wp:term":[{"taxonomy":"category","embeddable":true,"href":"https:\/\/girasolmultimedios.com\/portal\/wp-json\/wp\/v2\/categories?post=5011"},{"taxonomy":"post_tag","embeddable":true,"href":"https:\/\/girasolmultimedios.com\/portal\/wp-json\/wp\/v2\/tags?post=5011"}],"curies":[{"name":"wp","href":"https:\/\/api.w.org\/{rel}","templated":true}]}}