{"id":5505,"date":"2026-04-27T09:32:58","date_gmt":"2026-04-27T15:32:58","guid":{"rendered":"https:\/\/girasolmultimedios.com\/portal\/?p=5505"},"modified":"2026-04-27T09:32:59","modified_gmt":"2026-04-27T15:32:59","slug":"empleados-de-la-sit-protestan-por-reintegro-laboral-y-pago-de-salarios-pendientes","status":"publish","type":"post","link":"https:\/\/girasolmultimedios.com\/portal\/empleados-de-la-sit-protestan-por-reintegro-laboral-y-pago-de-salarios-pendientes\/","title":{"rendered":"Empleados de la SIT protestan por reintegro laboral y pago de salarios pendientes"},"content":{"rendered":"\n<p>Un grupo de trabajadores suspendidos de la Secretar\u00eda de Infraestructura y Transporte realiz\u00f3 este lunes una manifestaci\u00f3n pac\u00edfica frente a las instalaciones de la instituci\u00f3n, con el objetivo de exigir su reincorporaci\u00f3n laboral y el pago de salarios atrasados.<\/p>\n\n\n\n<p>Los manifestantes denunciaron que, aunque fueron enviados a la modalidad de teletrabajo, no han recibido el pago correspondiente por los d\u00edas laborados durante el mes de abril.<\/p>\n\n\n\n<p>De acuerdo con lo expuesto, un memorando interno establec\u00eda que los salarios ser\u00edan cancelados a m\u00e1s tardar el 25 de abril; sin embargo, aseguran que hasta la fecha no se ha hecho efectivo el pago.<\/p>\n\n\n\n<p>Durante la protesta, los empleados se\u00f1alaron que varios de los afectados pertenecen a un sindicato y que, adem\u00e1s de la suspensi\u00f3n de salarios, algunos han sido separados de sus cargos sin previo aviso, situaci\u00f3n que consideran irregular.<\/p>\n\n\n\n<p>Asimismo, indicaron que inicialmente se les comunic\u00f3 que ciertos puestos, como secretarios, motoristas y personal administrativo, pasar\u00edan a teletrabajo, pero posteriormente esto deriv\u00f3 en despidos que califican como injustificados.<\/p>\n\n\n\n<p>Los trabajadores tambi\u00e9n expresaron que han intentado establecer comunicaci\u00f3n con el titular de la instituci\u00f3n sin obtener respuesta, por lo que reiteraron su disposici\u00f3n al di\u00e1logo para buscar una soluci\u00f3n al conflicto.<\/p>\n\n\n\n<p>Finalmente, hicieron un llamado a las autoridades de la SIT para abrir un espacio de negociaci\u00f3n que permita resolver la situaci\u00f3n y garantizar el respeto a sus derechos laborales.<\/p>\n","protected":false},"excerpt":{"rendered":"<p>Un grupo de trabajadores suspendidos de la Secretar\u00eda de Infraestructura y Transporte realiz\u00f3 este lunes una manifestaci\u00f3n pac\u00edfica frente a las instalaciones de la instituci\u00f3n, con el objetivo de exigir su reincorporaci\u00f3n laboral y el pago de salarios atrasados. Los manifestantes denunciaron que, aunque fueron enviados a la modalidad de teletrabajo, no han recibido el [&hellip;]<\/p>\n","protected":false},"author":2,"featured_media":5506,"comment_status":"closed","ping_status":"open","sticky":false,"template":"","format":"standard","meta":{"_seopress_robots_primary_cat":"","_seopress_titles_title":"","_seopress_titles_desc":"","_seopress_robots_index":"","footnotes":""},"categories":[1],"tags":[],"class_list":["post-5505","post","type-post","status-publish","format-standard","has-post-thumbnail","hentry","category-sin-categoria"],"_links":{"self":[{"href":"https:\/\/girasolmultimedios.com\/portal\/wp-json\/wp\/v2\/posts\/5505","targetHints":{"allow":["GET"]}}],"collection":[{"href":"https:\/\/girasolmultimedios.com\/portal\/wp-json\/wp\/v2\/posts"}],"about":[{"href":"https:\/\/girasolmultimedios.com\/portal\/wp-json\/wp\/v2\/types\/post"}],"author":[{"embeddable":true,"href":"https:\/\/girasolmultimedios.com\/portal\/wp-json\/wp\/v2\/users\/2"}],"replies":[{"embeddable":true,"href":"https:\/\/girasolmultimedios.com\/portal\/wp-json\/wp\/v2\/comments?post=5505"}],"version-history":[{"count":1,"href":"https:\/\/girasolmultimedios.com\/portal\/wp-json\/wp\/v2\/posts\/5505\/revisions"}],"predecessor-version":[{"id":5507,"href":"https:\/\/girasolmultimedios.com\/portal\/wp-json\/wp\/v2\/posts\/5505\/revisions\/5507"}],"wp:featuredmedia":[{"embeddable":true,"href":"https:\/\/girasolmultimedios.com\/portal\/wp-json\/wp\/v2\/media\/5506"}],"wp:attachment":[{"href":"https:\/\/girasolmultimedios.com\/portal\/wp-json\/wp\/v2\/media?parent=5505"}],"wp:term":[{"taxonomy":"category","embeddable":true,"href":"https:\/\/girasolmultimedios.com\/portal\/wp-json\/wp\/v2\/categories?post=5505"},{"taxonomy":"post_tag","embeddable":true,"href":"https:\/\/girasolmultimedios.com\/portal\/wp-json\/wp\/v2\/tags?post=5505"}],"curies":[{"name":"wp","href":"https:\/\/api.w.org\/{rel}","templated":true}]}}