{"id":5511,"date":"2026-04-27T09:36:54","date_gmt":"2026-04-27T15:36:54","guid":{"rendered":"https:\/\/girasolmultimedios.com\/portal\/?p=5511"},"modified":"2026-04-27T09:36:55","modified_gmt":"2026-04-27T15:36:55","slug":"accidente-entre-motocicleta-y-rastra-deja-dos-fallecidos-en-moroceli","status":"publish","type":"post","link":"https:\/\/girasolmultimedios.com\/portal\/accidente-entre-motocicleta-y-rastra-deja-dos-fallecidos-en-moroceli\/","title":{"rendered":"Accidente entre motocicleta y rastra deja dos fallecidos en Morocel\u00ed"},"content":{"rendered":"\n<p>Un tr\u00e1gico accidente vial cobr\u00f3 la vida de dos personas en el municipio de Morocel\u00ed, en el departamento de El Para\u00edso.<\/p>\n\n\n\n<p>De acuerdo con reportes preliminares, las v\u00edctimas, un hombre y una mujer, se desplazaban en una motocicleta cuando impactaron contra una rastra que transportaba ca\u00f1a en una zona caracterizada por esta actividad agr\u00edcola.<\/p>\n\n\n\n<p>Tras la colisi\u00f3n, ambos quedaron atrapados debajo del veh\u00edculo pesado y, seg\u00fan versiones de testigos, fallecieron en el lugar debido a la gravedad del impacto.<\/p>\n\n\n\n<p>Hasta el momento, las autoridades no han confirmado la identidad de las v\u00edctimas ni han detallado las causas exactas que provocaron el accidente.<\/p>\n\n\n\n<p>El hecho qued\u00f3 registrado en videos que circulan en redes sociales, captados por personas que se encontraban cerca del sitio al momento del suceso.<\/p>\n","protected":false},"excerpt":{"rendered":"<p>Un tr\u00e1gico accidente vial cobr\u00f3 la vida de dos personas en el municipio de Morocel\u00ed, en el departamento de El Para\u00edso. De acuerdo con reportes preliminares, las v\u00edctimas, un hombre y una mujer, se desplazaban en una motocicleta cuando impactaron contra una rastra que transportaba ca\u00f1a en una zona caracterizada por esta actividad agr\u00edcola. Tras [&hellip;]<\/p>\n","protected":false},"author":2,"featured_media":5512,"comment_status":"closed","ping_status":"open","sticky":false,"template":"","format":"standard","meta":{"_seopress_robots_primary_cat":"","_seopress_titles_title":"","_seopress_titles_desc":"","_seopress_robots_index":"","footnotes":""},"categories":[1],"tags":[],"class_list":["post-5511","post","type-post","status-publish","format-standard","has-post-thumbnail","hentry","category-sin-categoria"],"_links":{"self":[{"href":"https:\/\/girasolmultimedios.com\/portal\/wp-json\/wp\/v2\/posts\/5511","targetHints":{"allow":["GET"]}}],"collection":[{"href":"https:\/\/girasolmultimedios.com\/portal\/wp-json\/wp\/v2\/posts"}],"about":[{"href":"https:\/\/girasolmultimedios.com\/portal\/wp-json\/wp\/v2\/types\/post"}],"author":[{"embeddable":true,"href":"https:\/\/girasolmultimedios.com\/portal\/wp-json\/wp\/v2\/users\/2"}],"replies":[{"embeddable":true,"href":"https:\/\/girasolmultimedios.com\/portal\/wp-json\/wp\/v2\/comments?post=5511"}],"version-history":[{"count":1,"href":"https:\/\/girasolmultimedios.com\/portal\/wp-json\/wp\/v2\/posts\/5511\/revisions"}],"predecessor-version":[{"id":5513,"href":"https:\/\/girasolmultimedios.com\/portal\/wp-json\/wp\/v2\/posts\/5511\/revisions\/5513"}],"wp:featuredmedia":[{"embeddable":true,"href":"https:\/\/girasolmultimedios.com\/portal\/wp-json\/wp\/v2\/media\/5512"}],"wp:attachment":[{"href":"https:\/\/girasolmultimedios.com\/portal\/wp-json\/wp\/v2\/media?parent=5511"}],"wp:term":[{"taxonomy":"category","embeddable":true,"href":"https:\/\/girasolmultimedios.com\/portal\/wp-json\/wp\/v2\/categories?post=5511"},{"taxonomy":"post_tag","embeddable":true,"href":"https:\/\/girasolmultimedios.com\/portal\/wp-json\/wp\/v2\/tags?post=5511"}],"curies":[{"name":"wp","href":"https:\/\/api.w.org\/{rel}","templated":true}]}}