{"id":5520,"date":"2026-04-27T09:44:15","date_gmt":"2026-04-27T15:44:15","guid":{"rendered":"https:\/\/girasolmultimedios.com\/portal\/?p=5520"},"modified":"2026-04-27T09:44:16","modified_gmt":"2026-04-27T15:44:16","slug":"adolescente-resulta-gravemente-herida-tras-ataque-con-arma-blanca-en-catacamas","status":"publish","type":"post","link":"https:\/\/girasolmultimedios.com\/portal\/adolescente-resulta-gravemente-herida-tras-ataque-con-arma-blanca-en-catacamas\/","title":{"rendered":"Adolescente resulta gravemente herida tras ataque con arma blanca en Catacamas"},"content":{"rendered":"\n<p>Una menor de 17 a\u00f1os fue atacada con arma blanca la noche del domingo 26 de abril en la aldea La Sosa, en el municipio de Catacamas, departamento de Olancho.<\/p>\n\n\n\n<p>La v\u00edctima, identificada como Jazm\u00edn Gonz\u00e1lez, permanece en condici\u00f3n delicada en un centro asistencial privado, donde recibe atenci\u00f3n m\u00e9dica especializada debido a la gravedad de las heridas.<\/p>\n\n\n\n<p>Seg\u00fan reportes preliminares, la joven fue auxiliada r\u00e1pidamente y trasladada para recibir atenci\u00f3n urgente tras el ataque.<\/p>\n\n\n\n<p>Las primeras investigaciones se\u00f1alan como principal sospechoso a su pareja sentimental, un hombre identificado \u00fanicamente como Jainer, quien habr\u00eda huido del lugar en motocicleta tras cometer la agresi\u00f3n.<\/p>\n\n\n\n<p>Autoridades y ciudadanos han difundido su imagen con el fin de facilitar su localizaci\u00f3n y captura.<\/p>\n\n\n\n<p>Familiares indicaron que la menor es madre de un beb\u00e9 de aproximadamente 10 meses, lo que ha generado mayor preocupaci\u00f3n en la comunidad.<\/p>\n\n\n\n<p>Las autoridades contin\u00faan con las diligencias para esclarecer el caso y dar con el paradero del presunto agresor, al tiempo que solicitan a la poblaci\u00f3n brindar informaci\u00f3n que contribuya a su ubicaci\u00f3n.<\/p>\n\n\n\n<p>Este hecho se suma a la problem\u00e1tica de violencia contra la mujer en el pa\u00eds, donde, seg\u00fan cifras de la Secretar\u00eda de Seguridad y organizaciones defensoras de derechos, se registran entre 58 y 59 muertes violentas de mujeres en lo que va de 2026.<\/p>\n","protected":false},"excerpt":{"rendered":"<p>Una menor de 17 a\u00f1os fue atacada con arma blanca la noche del domingo 26 de abril en la aldea La Sosa, en el municipio de Catacamas, departamento de Olancho. La v\u00edctima, identificada como Jazm\u00edn Gonz\u00e1lez, permanece en condici\u00f3n delicada en un centro asistencial privado, donde recibe atenci\u00f3n m\u00e9dica especializada debido a la gravedad de [&hellip;]<\/p>\n","protected":false},"author":2,"featured_media":5521,"comment_status":"closed","ping_status":"open","sticky":false,"template":"","format":"standard","meta":{"_seopress_robots_primary_cat":"","_seopress_titles_title":"","_seopress_titles_desc":"","_seopress_robots_index":"","footnotes":""},"categories":[1],"tags":[],"class_list":["post-5520","post","type-post","status-publish","format-standard","has-post-thumbnail","hentry","category-sin-categoria"],"_links":{"self":[{"href":"https:\/\/girasolmultimedios.com\/portal\/wp-json\/wp\/v2\/posts\/5520","targetHints":{"allow":["GET"]}}],"collection":[{"href":"https:\/\/girasolmultimedios.com\/portal\/wp-json\/wp\/v2\/posts"}],"about":[{"href":"https:\/\/girasolmultimedios.com\/portal\/wp-json\/wp\/v2\/types\/post"}],"author":[{"embeddable":true,"href":"https:\/\/girasolmultimedios.com\/portal\/wp-json\/wp\/v2\/users\/2"}],"replies":[{"embeddable":true,"href":"https:\/\/girasolmultimedios.com\/portal\/wp-json\/wp\/v2\/comments?post=5520"}],"version-history":[{"count":1,"href":"https:\/\/girasolmultimedios.com\/portal\/wp-json\/wp\/v2\/posts\/5520\/revisions"}],"predecessor-version":[{"id":5522,"href":"https:\/\/girasolmultimedios.com\/portal\/wp-json\/wp\/v2\/posts\/5520\/revisions\/5522"}],"wp:featuredmedia":[{"embeddable":true,"href":"https:\/\/girasolmultimedios.com\/portal\/wp-json\/wp\/v2\/media\/5521"}],"wp:attachment":[{"href":"https:\/\/girasolmultimedios.com\/portal\/wp-json\/wp\/v2\/media?parent=5520"}],"wp:term":[{"taxonomy":"category","embeddable":true,"href":"https:\/\/girasolmultimedios.com\/portal\/wp-json\/wp\/v2\/categories?post=5520"},{"taxonomy":"post_tag","embeddable":true,"href":"https:\/\/girasolmultimedios.com\/portal\/wp-json\/wp\/v2\/tags?post=5520"}],"curies":[{"name":"wp","href":"https:\/\/api.w.org\/{rel}","templated":true}]}}