{"id":5559,"date":"2026-04-28T10:05:29","date_gmt":"2026-04-28T16:05:29","guid":{"rendered":"https:\/\/girasolmultimedios.com\/portal\/?p=5559"},"modified":"2026-04-28T10:05:30","modified_gmt":"2026-04-28T16:05:30","slug":"sube-a-25-lempiras-la-tarifa-del-taxi-colectivo-a-nivel-nacional","status":"publish","type":"post","link":"https:\/\/girasolmultimedios.com\/portal\/sube-a-25-lempiras-la-tarifa-del-taxi-colectivo-a-nivel-nacional\/","title":{"rendered":"Sube a 25 lempiras la tarifa del taxi colectivo a nivel nacional"},"content":{"rendered":"\n<p>Desde este lunes, el costo del pasaje en taxis colectivos experimenta un ajuste, pasando de 20 a 25 lempiras en todo el pa\u00eds. La medida, de car\u00e1cter temporal, fue implementada tras el incremento en los precios de los combustibles a nivel internacional.<\/p>\n\n\n\n<p>El aumento fue autorizado luego de una serie de reuniones entre autoridades y representantes del sector transporte, seg\u00fan inform\u00f3 el Instituto Hondure\u00f1o del Transporte Terrestre (IHTT). Este ajuste responde al impacto econ\u00f3mico derivado del encarecimiento del petr\u00f3leo, influenciado por tensiones geopol\u00edticas en el Medio Oriente.<\/p>\n\n\n\n<p>Aunque la decisi\u00f3n ha generado inconformidad entre los usuarios, muchos reconocen que la situaci\u00f3n est\u00e1 vinculada a factores externos. Aun as\u00ed, el alza representa una carga adicional en el gasto diario, especialmente para quienes dependen de este servicio como principal medio de transporte.<\/p>\n\n\n\n<p>Transportistas explicaron que el incremento busca compensar las p\u00e9rdidas generadas por el alza en los combustibles, ya que anteriormente operar en estas condiciones no resultaba rentable.<\/p>\n\n\n\n<p>Se espera que, una vez se estabilicen los precios internacionales, la tarifa vuelva a su valor anterior de 20 lempiras. Sin embargo, los usuarios consideran que este tipo de medidas siguen afectando considerablemente su econom\u00eda, en un contexto donde el costo de vida contin\u00faa en aumento.<\/p>\n\n\n\n<p>Algunos ciudadanos se\u00f1alan que el impacto se acumula con el paso de los d\u00edas, oblig\u00e1ndolos a reducir otros gastos b\u00e1sicos. Por otro lado, conductores han notado cambios en el comportamiento de los pasajeros, quienes buscan alternativas m\u00e1s econ\u00f3micas, aunque impliquen mayores riesgos.<\/p>\n\n\n\n<p><strong>Sector transporte pide apoyo econ\u00f3mico<\/strong><\/p>\n\n\n\n<p>Ante esta situaci\u00f3n, conductores de taxis directos en la capital han solicitado al Gobierno la implementaci\u00f3n de un subsidio que les permita mantener sus tarifas sin afectar a los usuarios.<\/p>\n\n\n\n<p>Entre las propuestas planteadas se encuentra la entrega de un bono compensatorio de 15,000 lempiras, dos veces al a\u00f1o, como medida para enfrentar el aumento constante en los costos operativos.<\/p>\n\n\n\n<p>Asimismo, denunciaron una competencia creciente por parte de plataformas digitales y otros servicios informales, lo que agrava a\u00fan m\u00e1s la situaci\u00f3n del rubro.<\/p>\n","protected":false},"excerpt":{"rendered":"<p>Desde este lunes, el costo del pasaje en taxis colectivos experimenta un ajuste, pasando de 20 a 25 lempiras en todo el pa\u00eds. La medida, de car\u00e1cter temporal, fue implementada tras el incremento en los precios de los combustibles a nivel internacional. El aumento fue autorizado luego de una serie de reuniones entre autoridades y [&hellip;]<\/p>\n","protected":false},"author":2,"featured_media":5560,"comment_status":"closed","ping_status":"open","sticky":false,"template":"","format":"standard","meta":{"_seopress_robots_primary_cat":"","_seopress_titles_title":"","_seopress_titles_desc":"","_seopress_robots_index":"","footnotes":""},"categories":[1],"tags":[],"class_list":["post-5559","post","type-post","status-publish","format-standard","has-post-thumbnail","hentry","category-sin-categoria"],"_links":{"self":[{"href":"https:\/\/girasolmultimedios.com\/portal\/wp-json\/wp\/v2\/posts\/5559","targetHints":{"allow":["GET"]}}],"collection":[{"href":"https:\/\/girasolmultimedios.com\/portal\/wp-json\/wp\/v2\/posts"}],"about":[{"href":"https:\/\/girasolmultimedios.com\/portal\/wp-json\/wp\/v2\/types\/post"}],"author":[{"embeddable":true,"href":"https:\/\/girasolmultimedios.com\/portal\/wp-json\/wp\/v2\/users\/2"}],"replies":[{"embeddable":true,"href":"https:\/\/girasolmultimedios.com\/portal\/wp-json\/wp\/v2\/comments?post=5559"}],"version-history":[{"count":1,"href":"https:\/\/girasolmultimedios.com\/portal\/wp-json\/wp\/v2\/posts\/5559\/revisions"}],"predecessor-version":[{"id":5561,"href":"https:\/\/girasolmultimedios.com\/portal\/wp-json\/wp\/v2\/posts\/5559\/revisions\/5561"}],"wp:featuredmedia":[{"embeddable":true,"href":"https:\/\/girasolmultimedios.com\/portal\/wp-json\/wp\/v2\/media\/5560"}],"wp:attachment":[{"href":"https:\/\/girasolmultimedios.com\/portal\/wp-json\/wp\/v2\/media?parent=5559"}],"wp:term":[{"taxonomy":"category","embeddable":true,"href":"https:\/\/girasolmultimedios.com\/portal\/wp-json\/wp\/v2\/categories?post=5559"},{"taxonomy":"post_tag","embeddable":true,"href":"https:\/\/girasolmultimedios.com\/portal\/wp-json\/wp\/v2\/tags?post=5559"}],"curies":[{"name":"wp","href":"https:\/\/api.w.org\/{rel}","templated":true}]}}