{"id":5568,"date":"2026-04-29T09:46:04","date_gmt":"2026-04-29T15:46:04","guid":{"rendered":"https:\/\/girasolmultimedios.com\/portal\/?p=5568"},"modified":"2026-04-29T09:46:05","modified_gmt":"2026-04-29T15:46:05","slug":"proponen-iniciativa-para-reforzar-atencion-a-la-ninez-vulnerable-en-honduras","status":"publish","type":"post","link":"https:\/\/girasolmultimedios.com\/portal\/proponen-iniciativa-para-reforzar-atencion-a-la-ninez-vulnerable-en-honduras\/","title":{"rendered":"Proponen iniciativa para reforzar atenci\u00f3n a la ni\u00f1ez vulnerable en Honduras"},"content":{"rendered":"\n<p>El diputado Arnold Burgos present\u00f3 ante el Congreso Nacional una propuesta de ley orientada a fortalecer los programas de protecci\u00f3n dirigidos a ni\u00f1os y j\u00f3venes en situaci\u00f3n de vulnerabilidad, a trav\u00e9s del respaldo a Aldeas Infantiles SOS Honduras.<\/p>\n\n\n\n<p>El planteamiento contempla la asignaci\u00f3n de fondos espec\u00edficos dentro del Presupuesto General, los cuales ser\u00edan canalizados mediante la Secretar\u00eda de Desarrollo Social (Sedesol), con el objetivo de apoyar las acciones que desarrolla esta organizaci\u00f3n en el pa\u00eds.<\/p>\n\n\n\n<p>Entre los enfoques principales del proyecto se incluye el impulso de programas de cuidado alternativo para menores sin el acompa\u00f1amiento de sus familias, as\u00ed como iniciativas enfocadas en el fortalecimiento del entorno familiar y comunitario, buscando prevenir situaciones que afecten sus derechos.<\/p>\n\n\n\n<p>Asimismo, la propuesta abarca atenci\u00f3n integral en \u00e1reas clave como salud, educaci\u00f3n y apoyo psicosocial, adem\u00e1s de mecanismos orientados a la restituci\u00f3n de derechos de la ni\u00f1ez.<\/p>\n\n\n\n<p>Como parte de las medidas de transparencia, se establece que la organizaci\u00f3n beneficiada deber\u00e1 rendir informes anuales detallados sobre el uso de los recursos y someterse a auditor\u00edas del Tribunal Superior de Cuentas.<\/p>\n\n\n\n<p>El legislador destac\u00f3 que esta iniciativa pretende garantizar condiciones m\u00e1s seguras y dignas para el desarrollo de la ni\u00f1ez, subrayando la importancia de priorizar este tema por encima de cualquier inter\u00e9s pol\u00edtico.<\/p>\n","protected":false},"excerpt":{"rendered":"<p>El diputado Arnold Burgos present\u00f3 ante el Congreso Nacional una propuesta de ley orientada a fortalecer los programas de protecci\u00f3n dirigidos a ni\u00f1os y j\u00f3venes en situaci\u00f3n de vulnerabilidad, a trav\u00e9s del respaldo a Aldeas Infantiles SOS Honduras. El planteamiento contempla la asignaci\u00f3n de fondos espec\u00edficos dentro del Presupuesto General, los cuales ser\u00edan canalizados mediante [&hellip;]<\/p>\n","protected":false},"author":2,"featured_media":5569,"comment_status":"closed","ping_status":"open","sticky":false,"template":"","format":"standard","meta":{"_seopress_robots_primary_cat":"","_seopress_titles_title":"","_seopress_titles_desc":"","_seopress_robots_index":"","footnotes":""},"categories":[1],"tags":[],"class_list":["post-5568","post","type-post","status-publish","format-standard","has-post-thumbnail","hentry","category-sin-categoria"],"_links":{"self":[{"href":"https:\/\/girasolmultimedios.com\/portal\/wp-json\/wp\/v2\/posts\/5568","targetHints":{"allow":["GET"]}}],"collection":[{"href":"https:\/\/girasolmultimedios.com\/portal\/wp-json\/wp\/v2\/posts"}],"about":[{"href":"https:\/\/girasolmultimedios.com\/portal\/wp-json\/wp\/v2\/types\/post"}],"author":[{"embeddable":true,"href":"https:\/\/girasolmultimedios.com\/portal\/wp-json\/wp\/v2\/users\/2"}],"replies":[{"embeddable":true,"href":"https:\/\/girasolmultimedios.com\/portal\/wp-json\/wp\/v2\/comments?post=5568"}],"version-history":[{"count":1,"href":"https:\/\/girasolmultimedios.com\/portal\/wp-json\/wp\/v2\/posts\/5568\/revisions"}],"predecessor-version":[{"id":5570,"href":"https:\/\/girasolmultimedios.com\/portal\/wp-json\/wp\/v2\/posts\/5568\/revisions\/5570"}],"wp:featuredmedia":[{"embeddable":true,"href":"https:\/\/girasolmultimedios.com\/portal\/wp-json\/wp\/v2\/media\/5569"}],"wp:attachment":[{"href":"https:\/\/girasolmultimedios.com\/portal\/wp-json\/wp\/v2\/media?parent=5568"}],"wp:term":[{"taxonomy":"category","embeddable":true,"href":"https:\/\/girasolmultimedios.com\/portal\/wp-json\/wp\/v2\/categories?post=5568"},{"taxonomy":"post_tag","embeddable":true,"href":"https:\/\/girasolmultimedios.com\/portal\/wp-json\/wp\/v2\/tags?post=5568"}],"curies":[{"name":"wp","href":"https:\/\/api.w.org\/{rel}","templated":true}]}}