{"id":5571,"date":"2026-04-29T09:48:29","date_gmt":"2026-04-29T15:48:29","guid":{"rendered":"https:\/\/girasolmultimedios.com\/portal\/?p=5571"},"modified":"2026-04-29T09:48:31","modified_gmt":"2026-04-29T15:48:31","slug":"corte-suprema-de-ee-uu-analiza-si-trump-puede-eliminar-el-tps-a-miles-de-migrantes","status":"publish","type":"post","link":"https:\/\/girasolmultimedios.com\/portal\/corte-suprema-de-ee-uu-analiza-si-trump-puede-eliminar-el-tps-a-miles-de-migrantes\/","title":{"rendered":"Corte Suprema de EE. UU. analiza si Trump puede eliminar el TPS a miles de migrantes"},"content":{"rendered":"\n<p>El Tribunal Supremo de Estados Unidos se encuentra evaluando una decisi\u00f3n clave que podr\u00eda impactar a cientos de miles de migrantes: determinar si el Gobierno del expresidente Donald Trump tiene la facultad legal para cancelar el Estatus de Protecci\u00f3n Temporal (TPS).<\/p>\n\n\n\n<p>El caso es considerado hist\u00f3rico, ya que por primera vez la m\u00e1xima instancia judicial del pa\u00eds revisa una controversia relacionada con este programa migratorio, el cual brinda protecci\u00f3n contra la deportaci\u00f3n y permite trabajar legalmente a personas provenientes de naciones afectadas por conflictos o desastres.<\/p>\n\n\n\n<p>La disputa surge tras la decisi\u00f3n adoptada durante la administraci\u00f3n Trump de poner fin al TPS para aproximadamente 350 mil ciudadanos haitianos y m\u00e1s de 6 mil sirios, argumentando que ya no exist\u00edan condiciones que justificaran su permanencia bajo este estatus.<\/p>\n\n\n\n<p>Sin embargo, beneficiarios del programa recurrieron a la justicia, logrando que tribunales federales en Washington D. C. y Nueva York fallaran a su favor, al considerar que la medida podr\u00eda haber incumplido disposiciones legales que regulan el funcionamiento de las agencias gubernamentales.<\/p>\n\n\n\n<p>El fallo que emita la Corte Suprema no solo definir\u00e1 el futuro de estos grupos, sino que tambi\u00e9n establecer\u00e1 un precedente importante para otros beneficiarios del TPS en Estados Unidos.<\/p>\n","protected":false},"excerpt":{"rendered":"<p>El Tribunal Supremo de Estados Unidos se encuentra evaluando una decisi\u00f3n clave que podr\u00eda impactar a cientos de miles de migrantes: determinar si el Gobierno del expresidente Donald Trump tiene la facultad legal para cancelar el Estatus de Protecci\u00f3n Temporal (TPS). El caso es considerado hist\u00f3rico, ya que por primera vez la m\u00e1xima instancia judicial [&hellip;]<\/p>\n","protected":false},"author":2,"featured_media":5572,"comment_status":"closed","ping_status":"open","sticky":false,"template":"","format":"standard","meta":{"_seopress_robots_primary_cat":"","_seopress_titles_title":"","_seopress_titles_desc":"","_seopress_robots_index":"","footnotes":""},"categories":[1],"tags":[],"class_list":["post-5571","post","type-post","status-publish","format-standard","has-post-thumbnail","hentry","category-sin-categoria"],"_links":{"self":[{"href":"https:\/\/girasolmultimedios.com\/portal\/wp-json\/wp\/v2\/posts\/5571","targetHints":{"allow":["GET"]}}],"collection":[{"href":"https:\/\/girasolmultimedios.com\/portal\/wp-json\/wp\/v2\/posts"}],"about":[{"href":"https:\/\/girasolmultimedios.com\/portal\/wp-json\/wp\/v2\/types\/post"}],"author":[{"embeddable":true,"href":"https:\/\/girasolmultimedios.com\/portal\/wp-json\/wp\/v2\/users\/2"}],"replies":[{"embeddable":true,"href":"https:\/\/girasolmultimedios.com\/portal\/wp-json\/wp\/v2\/comments?post=5571"}],"version-history":[{"count":1,"href":"https:\/\/girasolmultimedios.com\/portal\/wp-json\/wp\/v2\/posts\/5571\/revisions"}],"predecessor-version":[{"id":5573,"href":"https:\/\/girasolmultimedios.com\/portal\/wp-json\/wp\/v2\/posts\/5571\/revisions\/5573"}],"wp:featuredmedia":[{"embeddable":true,"href":"https:\/\/girasolmultimedios.com\/portal\/wp-json\/wp\/v2\/media\/5572"}],"wp:attachment":[{"href":"https:\/\/girasolmultimedios.com\/portal\/wp-json\/wp\/v2\/media?parent=5571"}],"wp:term":[{"taxonomy":"category","embeddable":true,"href":"https:\/\/girasolmultimedios.com\/portal\/wp-json\/wp\/v2\/categories?post=5571"},{"taxonomy":"post_tag","embeddable":true,"href":"https:\/\/girasolmultimedios.com\/portal\/wp-json\/wp\/v2\/tags?post=5571"}],"curies":[{"name":"wp","href":"https:\/\/api.w.org\/{rel}","templated":true}]}}