{"id":5574,"date":"2026-04-29T09:51:15","date_gmt":"2026-04-29T15:51:15","guid":{"rendered":"https:\/\/girasolmultimedios.com\/portal\/?p=5574"},"modified":"2026-04-29T09:51:16","modified_gmt":"2026-04-29T15:51:16","slug":"estados-unidos-advierte-a-cuba-por-presunta-actividad-de-inteligencia-extranjera-en-su-territorio","status":"publish","type":"post","link":"https:\/\/girasolmultimedios.com\/portal\/estados-unidos-advierte-a-cuba-por-presunta-actividad-de-inteligencia-extranjera-en-su-territorio\/","title":{"rendered":"Estados Unidos advierte a Cuba por presunta actividad de inteligencia extranjera en su territorio"},"content":{"rendered":"\n<p>El secretario de Estado estadounidense, Marco Rubio, lanz\u00f3 fuertes se\u00f1alamientos contra Cuba, acusando al pa\u00eds de permitir la presencia de servicios de inteligencia vinculados a naciones consideradas adversarias de Estados Unidos.<\/p>\n\n\n\n<p>Durante una entrevista televisiva, Rubio afirm\u00f3 que el gobierno encabezado por Donald Trump no aceptar\u00e1 operaciones de este tipo tan cerca de su territorio, haciendo \u00e9nfasis en la cercan\u00eda geogr\u00e1fica entre ambos pa\u00edses.<\/p>\n\n\n\n<p>El funcionario subray\u00f3 que la posibilidad de que potencias extranjeras desarrollen actividades de inteligencia o instalen infraestructuras estrat\u00e9gicas en la isla representa una preocupaci\u00f3n directa para la seguridad nacional estadounidense.<\/p>\n\n\n\n<p>Estas declaraciones se producen en un contexto marcado por la hist\u00f3rica relaci\u00f3n de Cuba con pa\u00edses que han mantenido tensiones con Estados Unidos, una din\u00e1mica que se remonta a la Guerra Fr\u00eda, cuando la isla estableci\u00f3 alianzas con la antigua Uni\u00f3n Sovi\u00e9tica.<\/p>\n\n\n\n<p>Tras la desaparici\u00f3n del bloque sovi\u00e9tico en 1991, Cuba ha continuado fortaleciendo v\u00ednculos con naciones como Rusia y, en a\u00f1os m\u00e1s recientes, ha ampliado su cooperaci\u00f3n con China, especialmente en \u00e1reas econ\u00f3micas y tecnol\u00f3gicas.<\/p>\n","protected":false},"excerpt":{"rendered":"<p>El secretario de Estado estadounidense, Marco Rubio, lanz\u00f3 fuertes se\u00f1alamientos contra Cuba, acusando al pa\u00eds de permitir la presencia de servicios de inteligencia vinculados a naciones consideradas adversarias de Estados Unidos. Durante una entrevista televisiva, Rubio afirm\u00f3 que el gobierno encabezado por Donald Trump no aceptar\u00e1 operaciones de este tipo tan cerca de su territorio, [&hellip;]<\/p>\n","protected":false},"author":2,"featured_media":5575,"comment_status":"closed","ping_status":"open","sticky":false,"template":"","format":"standard","meta":{"_seopress_robots_primary_cat":"","_seopress_titles_title":"","_seopress_titles_desc":"","_seopress_robots_index":"","footnotes":""},"categories":[1],"tags":[],"class_list":["post-5574","post","type-post","status-publish","format-standard","has-post-thumbnail","hentry","category-sin-categoria"],"_links":{"self":[{"href":"https:\/\/girasolmultimedios.com\/portal\/wp-json\/wp\/v2\/posts\/5574","targetHints":{"allow":["GET"]}}],"collection":[{"href":"https:\/\/girasolmultimedios.com\/portal\/wp-json\/wp\/v2\/posts"}],"about":[{"href":"https:\/\/girasolmultimedios.com\/portal\/wp-json\/wp\/v2\/types\/post"}],"author":[{"embeddable":true,"href":"https:\/\/girasolmultimedios.com\/portal\/wp-json\/wp\/v2\/users\/2"}],"replies":[{"embeddable":true,"href":"https:\/\/girasolmultimedios.com\/portal\/wp-json\/wp\/v2\/comments?post=5574"}],"version-history":[{"count":1,"href":"https:\/\/girasolmultimedios.com\/portal\/wp-json\/wp\/v2\/posts\/5574\/revisions"}],"predecessor-version":[{"id":5576,"href":"https:\/\/girasolmultimedios.com\/portal\/wp-json\/wp\/v2\/posts\/5574\/revisions\/5576"}],"wp:featuredmedia":[{"embeddable":true,"href":"https:\/\/girasolmultimedios.com\/portal\/wp-json\/wp\/v2\/media\/5575"}],"wp:attachment":[{"href":"https:\/\/girasolmultimedios.com\/portal\/wp-json\/wp\/v2\/media?parent=5574"}],"wp:term":[{"taxonomy":"category","embeddable":true,"href":"https:\/\/girasolmultimedios.com\/portal\/wp-json\/wp\/v2\/categories?post=5574"},{"taxonomy":"post_tag","embeddable":true,"href":"https:\/\/girasolmultimedios.com\/portal\/wp-json\/wp\/v2\/tags?post=5574"}],"curies":[{"name":"wp","href":"https:\/\/api.w.org\/{rel}","templated":true}]}}